{"id":21257,"date":"2025-11-26T22:33:42","date_gmt":"2025-11-27T01:33:42","guid":{"rendered":"https:\/\/laserenaradio.cl\/web\/?p=21257"},"modified":"2025-11-26T22:33:42","modified_gmt":"2025-11-27T01:33:42","slug":"polemica-por-videito-de-dos-estudiantes-que-tenian-relaciones-sexuales-en-un-campus-universitario","status":"publish","type":"post","link":"https:\/\/laserenaradio.cl\/web\/2025\/11\/26\/polemica-por-videito-de-dos-estudiantes-que-tenian-relaciones-sexuales-en-un-campus-universitario\/","title":{"rendered":"Pol\u00e9mica por videito de dos estudiantes que ten\u00edan relaciones sexuales en un campus universitario"},"content":{"rendered":"<p>Durante la \u00faltima jornada, se acus\u00f3 a dos estudiantes de College UC, formaci\u00f3n de pregrado de la Pontificia Universidad Cat\u00f3lica, de tener relaciones sexuales en el Campus San Joaqu\u00edn. A trav\u00e9s de TikTok, se masific\u00f3 la informaci\u00f3n e incluso circulan videos grabados por compa\u00f1eros que dar\u00edan cuenta del hecho con los dos involucrados. College UC es una formaci\u00f3n de pregrado distinta a una carrera tradicional y entrega el grado de licenciatura luego de cuatro a\u00f1os de estudios. Este t\u00edtulo es homologable a nivel nacional e internacional con un Bachelor Degree (BA), seg\u00fan su sitio web.<\/p>\n<p>Consultados por BioBioChile, desde la Vicerrector\u00eda de Comunicaciones de la Pontificia Universidad Cat\u00f3lica se refirieron a la situaci\u00f3n: \u201cEn cuanto se tom\u00f3 conocimiento de esta situaci\u00f3n, se activaron los protocolos correspondientes. El caso lo est\u00e1 viendo Secretar\u00eda General, que es la encargada de velar por las normas internas, con la correspondiente reserva, por respeto a las personas involucradas&#8221;.<\/p>\n<p>Desde el Centro de Estudiantes de College UC (CECoU) tambi\u00e9n abordaron la &#8220;circulaci\u00f3n de un video que muestra a dos estudiantes en una situaci\u00f3n inapropiada al interior de las instalaciones universitarias&#8221;. Si bien lamentaron lo ocurrido, condenaron la \u201cdifusi\u00f3n no autorizada del registro\u201d, pues afecta la dignidad y privacidad de los involucrados.<\/p>\n<p>El Centro de Estudiantes de College UC sostuvo que puso a disposici\u00f3n los antecedentes para que el caso derivara a los \u00f3rganos institucionales competentes y se aplicaran los protocolos internos y las normas vigentes. Tambi\u00e9n recalc\u00f3 un llamado a la comunidad universitaria a no reproducir, enviar ni difundir ning\u00fan contenido que afecte la privacidad de los estudiantes o miembros de la instituci\u00f3n.<\/p>\n<p>Por \u00faltimo, indicaron que no emitir\u00edan ninguna declaraci\u00f3n adicional ni especular\u00edan sobre la identidad ni sobre los resultados de los procesos en curso, con el fin de resguardar la salud mental, integridad y privacidad de las personas involucradas.<\/p>\n","protected":false},"excerpt":{"rendered":"<p>Durante la \u00faltima jornada, se acus\u00f3 a dos estudiantes de College UC, formaci\u00f3n de pregrado de la Pontificia Universidad Cat\u00f3lica, de tener relaciones sexuales en el Campus San Joaqu\u00edn. A trav\u00e9s de TikTok, se masific\u00f3 la informaci\u00f3n e incluso circulan videos grabados por compa\u00f1eros que dar\u00edan cuenta del hecho con los dos involucrados. College UC [&hellip;]<\/p>\n","protected":false},"author":2,"featured_media":21256,"comment_status":"closed","ping_status":"open","sticky":false,"template":"","format":"standard","meta":{"_jetpack_memberships_contains_paid_content":false,"jnews-multi-image_gallery":[],"jnews_single_post":[],"jnews_primary_category":[],"jnews_social_meta":[],"jnews_paywall_metabox":[],"jnews_review":[],"enable_review":"","type":"","name":"","summary":"","brand":"","sku":"","good":[],"bad":[],"score_override":"","override_value":"","rating":[],"price":[],"jnews_override_counter":[],"jnews_post_split":[],"footnotes":""},"categories":[21],"tags":[],"class_list":["post-21257","post","type-post","status-publish","format-standard","has-post-thumbnail","hentry","category-nacional"],"jetpack_featured_media_url":"https:\/\/laserenaradio.cl\/web\/wp-content\/uploads\/2025\/11\/homepiaiextractoscrapimg_predeterminadalaserenaradio_nacional-51.webp","jetpack_sharing_enabled":true,"_links":{"self":[{"href":"https:\/\/laserenaradio.cl\/web\/wp-json\/wp\/v2\/posts\/21257","targetHints":{"allow":["GET"]}}],"collection":[{"href":"https:\/\/laserenaradio.cl\/web\/wp-json\/wp\/v2\/posts"}],"about":[{"href":"https:\/\/laserenaradio.cl\/web\/wp-json\/wp\/v2\/types\/post"}],"author":[{"embeddable":true,"href":"https:\/\/laserenaradio.cl\/web\/wp-json\/wp\/v2\/users\/2"}],"replies":[{"embeddable":true,"href":"https:\/\/laserenaradio.cl\/web\/wp-json\/wp\/v2\/comments?post=21257"}],"version-history":[{"count":1,"href":"https:\/\/laserenaradio.cl\/web\/wp-json\/wp\/v2\/posts\/21257\/revisions"}],"predecessor-version":[{"id":21258,"href":"https:\/\/laserenaradio.cl\/web\/wp-json\/wp\/v2\/posts\/21257\/revisions\/21258"}],"wp:featuredmedia":[{"embeddable":true,"href":"https:\/\/laserenaradio.cl\/web\/wp-json\/wp\/v2\/media\/21256"}],"wp:attachment":[{"href":"https:\/\/laserenaradio.cl\/web\/wp-json\/wp\/v2\/media?parent=21257"}],"wp:term":[{"taxonomy":"category","embeddable":true,"href":"https:\/\/laserenaradio.cl\/web\/wp-json\/wp\/v2\/categories?post=21257"},{"taxonomy":"post_tag","embeddable":true,"href":"https:\/\/laserenaradio.cl\/web\/wp-json\/wp\/v2\/tags?post=21257"}],"curies":[{"name":"wp","href":"https:\/\/api.w.org\/{rel}","templated":true}]}}