{"id":21254,"date":"2025-11-26T22:28:26","date_gmt":"2025-11-27T01:28:26","guid":{"rendered":"https:\/\/laserenaradio.cl\/web\/?p=21254"},"modified":"2025-11-26T22:28:26","modified_gmt":"2025-11-27T01:28:26","slug":"ataque-de-un-estudiante-a-un-profesor-en-la-universidad-federico-santa-maria","status":"publish","type":"post","link":"https:\/\/laserenaradio.cl\/web\/2025\/11\/26\/ataque-de-un-estudiante-a-un-profesor-en-la-universidad-federico-santa-maria\/","title":{"rendered":"Ataque de un estudiante a un profesor en la Universidad Federico Santa Mar\u00eda"},"content":{"rendered":"<p>Durante la tarde de este mi\u00e9rcoles, un ataque de un estudiante a un profesor se registr\u00f3 al interior de la Universidad Federico Santa Mar\u00eda en Valpara\u00edso, provocando el traslado del docente a un centro asistencial.<\/p>\n<p>Seg\u00fan un comunicado de la casa de estudios, el hecho se desarroll\u00f3 en el Campus Casa Central de la ciudad puerto. Y, afortunadamente, \u201cfue contenido de manera inmediata, evitando que tuviera consecuencias mayores y resguardando a quienes se encontraban en el lugar\u201d.<\/p>\n<p>El profesor afectado recibi\u00f3 atenci\u00f3n de forma inmediata y fue derivado a un centro asistencial para su evaluaci\u00f3n m\u00e9dica, contando en todo momento con el acompa\u00f1amiento y apoyo de autoridades de la casa de estudios. Paralelamente, se inform\u00f3 a <a href=\"https:\/\/www.carabineros.cl\/\">Carabineros<\/a> y se activaron los protocolos internos, conforme a la normativa institucional vigente.<\/p>\n<p>Del mismo modo, el estudiante fue retenido por personal de seguridad y qued\u00f3 bajo acompa\u00f1amiento profesional por parte de un psic\u00f3logo, resguardando su integridad y la de toda la comunidad universitaria. De momento se desconocen los detalles del ataque y si se utiliz\u00f3 alg\u00fan arma en el mismo, no obstante, en informaci\u00f3n de Radio B\u00edo B\u00edo, los involucrados pertenecer\u00edan a la carrera de inform\u00e1tica.<\/p>\n<p>Finalmente, desde la universidad destacaron su condena a \u201ccualquier hecho de violencia\u201d, reiterando su \u201ccompromiso con el respeto, el cuidado de las personas y la sana convivencia dentro de nuestros espacios\u201d. De igual manera, seguiremos adoptando todas las medidas necesarias para resguardar la seguridad de estudiantes, profesores y funcionarios.<\/p>\n","protected":false},"excerpt":{"rendered":"<p>Durante la tarde de este mi\u00e9rcoles, un ataque de un estudiante a un profesor se registr\u00f3 al interior de la Universidad Federico Santa Mar\u00eda en Valpara\u00edso, provocando el traslado del docente a un centro asistencial. Seg\u00fan un comunicado de la casa de estudios, el hecho se desarroll\u00f3 en el Campus Casa Central de la ciudad [&hellip;]<\/p>\n","protected":false},"author":2,"featured_media":21253,"comment_status":"closed","ping_status":"open","sticky":false,"template":"","format":"standard","meta":{"_jetpack_memberships_contains_paid_content":false,"jnews-multi-image_gallery":[],"jnews_single_post":[],"jnews_primary_category":[],"jnews_social_meta":[],"jnews_paywall_metabox":[],"jnews_review":[],"enable_review":"","type":"","name":"","summary":"","brand":"","sku":"","good":[],"bad":[],"score_override":"","override_value":"","rating":[],"price":[],"jnews_override_counter":[],"jnews_post_split":[],"footnotes":""},"categories":[21],"tags":[],"class_list":["post-21254","post","type-post","status-publish","format-standard","has-post-thumbnail","hentry","category-nacional"],"jetpack_featured_media_url":"https:\/\/laserenaradio.cl\/web\/wp-content\/uploads\/2025\/11\/homepiaiextractoscrapimg_predeterminadalaserenaradio_ultimo_minuto-5.webp","jetpack_sharing_enabled":true,"_links":{"self":[{"href":"https:\/\/laserenaradio.cl\/web\/wp-json\/wp\/v2\/posts\/21254","targetHints":{"allow":["GET"]}}],"collection":[{"href":"https:\/\/laserenaradio.cl\/web\/wp-json\/wp\/v2\/posts"}],"about":[{"href":"https:\/\/laserenaradio.cl\/web\/wp-json\/wp\/v2\/types\/post"}],"author":[{"embeddable":true,"href":"https:\/\/laserenaradio.cl\/web\/wp-json\/wp\/v2\/users\/2"}],"replies":[{"embeddable":true,"href":"https:\/\/laserenaradio.cl\/web\/wp-json\/wp\/v2\/comments?post=21254"}],"version-history":[{"count":1,"href":"https:\/\/laserenaradio.cl\/web\/wp-json\/wp\/v2\/posts\/21254\/revisions"}],"predecessor-version":[{"id":21255,"href":"https:\/\/laserenaradio.cl\/web\/wp-json\/wp\/v2\/posts\/21254\/revisions\/21255"}],"wp:featuredmedia":[{"embeddable":true,"href":"https:\/\/laserenaradio.cl\/web\/wp-json\/wp\/v2\/media\/21253"}],"wp:attachment":[{"href":"https:\/\/laserenaradio.cl\/web\/wp-json\/wp\/v2\/media?parent=21254"}],"wp:term":[{"taxonomy":"category","embeddable":true,"href":"https:\/\/laserenaradio.cl\/web\/wp-json\/wp\/v2\/categories?post=21254"},{"taxonomy":"post_tag","embeddable":true,"href":"https:\/\/laserenaradio.cl\/web\/wp-json\/wp\/v2\/tags?post=21254"}],"curies":[{"name":"wp","href":"https:\/\/api.w.org\/{rel}","templated":true}]}}