{"id":21242,"date":"2025-11-26T19:12:22","date_gmt":"2025-11-26T22:12:22","guid":{"rendered":"https:\/\/laserenaradio.cl\/web\/?p=21242"},"modified":"2025-11-26T19:12:22","modified_gmt":"2025-11-26T22:12:22","slug":"sector-publico-exige-reajuste-salarial-y-mejores-condiciones-laborales","status":"publish","type":"post","link":"https:\/\/laserenaradio.cl\/web\/2025\/11\/26\/sector-publico-exige-reajuste-salarial-y-mejores-condiciones-laborales\/","title":{"rendered":"Sector p\u00fablico exige reajuste salarial y mejores condiciones laborales."},"content":{"rendered":"<p>En el marco del reajuste salarial 2026 para el sector p\u00fablico, la Central Unitaria de Trabajadores (CUT) y la Agrupaci\u00f3n Nacional de Empleados Fiscales (ANEF) presentaron al gobierno un pliego de peticiones en la Delegaci\u00f3n Presidencial Regional. Este documento aborda no solo los requerimientos salariales, sino tambi\u00e9n mejoras y estabilidad laboral, especialmente ante el cambio de gobierno. Adem\u00e1s, solicitan claridad para aplicar la Ley de 40 horas en los funcionarios p\u00fablicos.<\/p>\n<p>La presidenta de la CUT en la zona, Fabiola Leiva, afirm\u00f3 que bajaron la petici\u00f3n de reajuste del 7% al 2%. Mientras tanto, el presidente regional de la ANEF, Rodrigo Delgado, declar\u00f3 que esperan un gesto del gobierno este a\u00f1o, lo cual, a su juicio, no ha ocurrido en la actual administraci\u00f3n del presidente Gabriel Boric. Asimismo, el dirigente asegur\u00f3 que del salario del sector p\u00fablico dependen unas 140 mil familias.<\/p>\n<p>El Presupuesto 2026 incluye el concepto de &#8220;prudencia fiscal&#8221;. En este sentido, los representantes de la Mesa del Sector P\u00fablico se\u00f1alaron que los ajustes no deben afectar negativamente a los sueldos de los trabajadores. Las demandas ser\u00e1n discutidas con el Ejecutivo la pr\u00f3xima semana, luego del despacho de la Ley de Presupuesto 2026.<\/p>\n","protected":false},"excerpt":{"rendered":"<p>En el marco del reajuste salarial 2026 para el sector p\u00fablico, la Central Unitaria de Trabajadores (CUT) y la Agrupaci\u00f3n Nacional de Empleados Fiscales (ANEF) presentaron al gobierno un pliego de peticiones en la Delegaci\u00f3n Presidencial Regional. Este documento aborda no solo los requerimientos salariales, sino tambi\u00e9n mejoras y estabilidad laboral, especialmente ante el cambio [&hellip;]<\/p>\n","protected":false},"author":2,"featured_media":21241,"comment_status":"closed","ping_status":"open","sticky":false,"template":"","format":"standard","meta":{"_jetpack_memberships_contains_paid_content":false,"jnews-multi-image_gallery":[],"jnews_single_post":[],"jnews_primary_category":[],"jnews_social_meta":[],"jnews_paywall_metabox":[],"jnews_review":[],"enable_review":"","type":"","name":"","summary":"","brand":"","sku":"","good":[],"bad":[],"score_override":"","override_value":"","rating":[],"price":[],"jnews_override_counter":[],"jnews_post_split":[],"footnotes":""},"categories":[21],"tags":[],"class_list":["post-21242","post","type-post","status-publish","format-standard","has-post-thumbnail","hentry","category-nacional"],"jetpack_featured_media_url":"https:\/\/laserenaradio.cl\/web\/wp-content\/uploads\/2025\/11\/homepiaiextractoscrapimg_webpgobiernosalarialsector_1.webp","jetpack_sharing_enabled":true,"_links":{"self":[{"href":"https:\/\/laserenaradio.cl\/web\/wp-json\/wp\/v2\/posts\/21242","targetHints":{"allow":["GET"]}}],"collection":[{"href":"https:\/\/laserenaradio.cl\/web\/wp-json\/wp\/v2\/posts"}],"about":[{"href":"https:\/\/laserenaradio.cl\/web\/wp-json\/wp\/v2\/types\/post"}],"author":[{"embeddable":true,"href":"https:\/\/laserenaradio.cl\/web\/wp-json\/wp\/v2\/users\/2"}],"replies":[{"embeddable":true,"href":"https:\/\/laserenaradio.cl\/web\/wp-json\/wp\/v2\/comments?post=21242"}],"version-history":[{"count":1,"href":"https:\/\/laserenaradio.cl\/web\/wp-json\/wp\/v2\/posts\/21242\/revisions"}],"predecessor-version":[{"id":21243,"href":"https:\/\/laserenaradio.cl\/web\/wp-json\/wp\/v2\/posts\/21242\/revisions\/21243"}],"wp:featuredmedia":[{"embeddable":true,"href":"https:\/\/laserenaradio.cl\/web\/wp-json\/wp\/v2\/media\/21241"}],"wp:attachment":[{"href":"https:\/\/laserenaradio.cl\/web\/wp-json\/wp\/v2\/media?parent=21242"}],"wp:term":[{"taxonomy":"category","embeddable":true,"href":"https:\/\/laserenaradio.cl\/web\/wp-json\/wp\/v2\/categories?post=21242"},{"taxonomy":"post_tag","embeddable":true,"href":"https:\/\/laserenaradio.cl\/web\/wp-json\/wp\/v2\/tags?post=21242"}],"curies":[{"name":"wp","href":"https:\/\/api.w.org\/{rel}","templated":true}]}}