{"id":21230,"date":"2025-11-26T18:51:06","date_gmt":"2025-11-26T21:51:06","guid":{"rendered":"https:\/\/laserenaradio.cl\/web\/?p=21230"},"modified":"2025-11-26T18:51:06","modified_gmt":"2025-11-26T21:51:06","slug":"ocho-funcionarios-de-pdi-imputados-por-asociacion-criminal","status":"publish","type":"post","link":"https:\/\/laserenaradio.cl\/web\/2025\/11\/26\/ocho-funcionarios-de-pdi-imputados-por-asociacion-criminal\/","title":{"rendered":"Ocho funcionarios de PDI imputados por asociaci\u00f3n criminal."},"content":{"rendered":"<p>Durante esta tarde se identific\u00f3 a ocho personas formalizadas por asociaci\u00f3n criminal. Entre ellas siete funcionarios de la <a href=\"https:\/\/www.pdichile.cl\/\">PDI<\/a> \u2014uno ex inspector\u2014 y un civil. El Ministerio P\u00fablico pide prisi\u00f3n preventiva.<\/p>\n<p>Crist\u00f3bal Machuca Padilla, ex inspector de la <a href=\"https:\/\/www.pdichile.cl\/\">PDI<\/a> hasta hace una semana, se sum\u00f3 a otros funcionarios suspendidos con cargos policiales: el subcomisario Felipe Burgos Gallardo, la subcomisaria Catalina C\u00e1ceres C\u00e1ceres, el inspector Diego Mu\u00f1oz Pineda, el inspector Sebasti\u00e1n Illanes Cifuentes, la subinspectora Shiara Hern\u00e1ndez Rocha y el agente policial Jaime Urrutia Rodr\u00edguez.<\/p>\n<p>Todos los imputados se les acusa de asociaci\u00f3n il\u00edcita, malversaci\u00f3n de caudales p\u00fablicos, tr\u00e1fico il\u00edcito de drogas, receptaci\u00f3n aduanera, tenencia ilegal de armas y municiones, falsificaci\u00f3n de instrumentos p\u00fablicos y obstrucci\u00f3n a la investigaci\u00f3n.<\/p>\n<p>Uno de los hechos investigados se remonta al noviembre de 2024. Los polic\u00edas realizaron diligencias irregulares en Puente Alto y bodegas de Ch\u00e9pica, regione O&#8217;Higgins, incautando miles de cajetillas de cigarrillos. Seg\u00fan la <a href=\"https:\/\/www.fiscaliadechile.cl\/\">Fiscal\u00eda<\/a> Metropolitana Occidente, los funcionarios entregaron antecedentes falsos al Ministerio P\u00fablico.<\/p>\n<p>El segundo hecho ocurri\u00f3 en febrero de 2025 en Cerrillos y Paine. Los imputados participaron en la detenci\u00f3n de personas vinculadas a contrabando. Las c\u00e1maras demostraron que los funcionarios ten\u00edan acceso a un cami\u00f3n sin necesidad de forzarlo, pese a antecedentes falsos entregados.<\/p>\n<p>El tercer hecho investigado se produjo el 25 de marzo de 2025 en Independencia. En una operaci\u00f3n de compra controlada, se incautaron solo 13 kilos de marihuana y $5 millones en efectivo, a pesar de haber m\u00e1s de 74 kilos en el domicilio. Se sospecha que la diferencia fue entregada al civil Agust\u00edn Moreno Guidotti.<\/p>\n<p>Ambos hechos implican delitos como tr\u00e1fico il\u00edcito de drogas, tenencia ilegal de armas y falsificaci\u00f3n de instrumentos p\u00fablicos.<\/p>\n","protected":false},"excerpt":{"rendered":"<p>Durante esta tarde se identific\u00f3 a ocho personas formalizadas por asociaci\u00f3n criminal. Entre ellas siete funcionarios de la PDI \u2014uno ex inspector\u2014 y un civil. El Ministerio P\u00fablico pide prisi\u00f3n preventiva. Crist\u00f3bal Machuca Padilla, ex inspector de la PDI hasta hace una semana, se sum\u00f3 a otros funcionarios suspendidos con cargos policiales: el subcomisario Felipe [&hellip;]<\/p>\n","protected":false},"author":2,"featured_media":21229,"comment_status":"closed","ping_status":"open","sticky":false,"template":"","format":"standard","meta":{"_jetpack_memberships_contains_paid_content":false,"jnews-multi-image_gallery":[],"jnews_single_post":[],"jnews_primary_category":[],"jnews_social_meta":[],"jnews_paywall_metabox":[],"jnews_review":[],"enable_review":"","type":"","name":"","summary":"","brand":"","sku":"","good":[],"bad":[],"score_override":"","override_value":"","rating":[],"price":[],"jnews_override_counter":[],"jnews_post_split":[],"footnotes":""},"categories":[21],"tags":[],"class_list":["post-21230","post","type-post","status-publish","format-standard","has-post-thumbnail","hentry","category-nacional"],"jetpack_featured_media_url":"https:\/\/laserenaradio.cl\/web\/wp-content\/uploads\/2025\/11\/homepiaiextractoscrapimg_predeterminadalaserenaradio_nacional-49.webp","jetpack_sharing_enabled":true,"_links":{"self":[{"href":"https:\/\/laserenaradio.cl\/web\/wp-json\/wp\/v2\/posts\/21230","targetHints":{"allow":["GET"]}}],"collection":[{"href":"https:\/\/laserenaradio.cl\/web\/wp-json\/wp\/v2\/posts"}],"about":[{"href":"https:\/\/laserenaradio.cl\/web\/wp-json\/wp\/v2\/types\/post"}],"author":[{"embeddable":true,"href":"https:\/\/laserenaradio.cl\/web\/wp-json\/wp\/v2\/users\/2"}],"replies":[{"embeddable":true,"href":"https:\/\/laserenaradio.cl\/web\/wp-json\/wp\/v2\/comments?post=21230"}],"version-history":[{"count":1,"href":"https:\/\/laserenaradio.cl\/web\/wp-json\/wp\/v2\/posts\/21230\/revisions"}],"predecessor-version":[{"id":21231,"href":"https:\/\/laserenaradio.cl\/web\/wp-json\/wp\/v2\/posts\/21230\/revisions\/21231"}],"wp:featuredmedia":[{"embeddable":true,"href":"https:\/\/laserenaradio.cl\/web\/wp-json\/wp\/v2\/media\/21229"}],"wp:attachment":[{"href":"https:\/\/laserenaradio.cl\/web\/wp-json\/wp\/v2\/media?parent=21230"}],"wp:term":[{"taxonomy":"category","embeddable":true,"href":"https:\/\/laserenaradio.cl\/web\/wp-json\/wp\/v2\/categories?post=21230"},{"taxonomy":"post_tag","embeddable":true,"href":"https:\/\/laserenaradio.cl\/web\/wp-json\/wp\/v2\/tags?post=21230"}],"curies":[{"name":"wp","href":"https:\/\/api.w.org\/{rel}","templated":true}]}}