{"id":21227,"date":"2025-11-26T08:29:10","date_gmt":"2025-11-26T11:29:10","guid":{"rendered":"https:\/\/laserenaradio.cl\/web\/?p=21227"},"modified":"2025-11-26T08:29:10","modified_gmt":"2025-11-26T11:29:10","slug":"amplian-querella-contra-exministra-angela-vivanco-por-presunta-trama-ilicita","status":"publish","type":"post","link":"https:\/\/laserenaradio.cl\/web\/2025\/11\/26\/amplian-querella-contra-exministra-angela-vivanco-por-presunta-trama-ilicita\/","title":{"rendered":"Ampl\u00edan querella contra exministra \u00c1ngela Vivanco por presunta trama il\u00edcita"},"content":{"rendered":"<p>Carmen Gloria Wittwer, fiscal regional de Los Lagos, present\u00f3 una ampliaci\u00f3n de la querella contra \u00c1ngela Vivanco Mart\u00ednez, exministra de la Corte Suprema. Esta nueva acusaci\u00f3n incorpora un cuarto cap\u00edtulo que detalla un nuevo pago il\u00edcito recibido por la magistrada. Este ingreso fue a cambio de su intervenci\u00f3n en un recurso de protecci\u00f3n favorable al consorcio chileno-bielorruso CBM, en su litigio con Codelco.<\/p>\n<p>La ampliaci\u00f3n judicial se basa en el informe de la Comisi\u00f3n de \u00c9tica de la Corte Suprema. Este documento estableci\u00f3 una serie de irregularidades en la tramitaci\u00f3n del recurso de protecci\u00f3n contra Codelco, que fue acogido por la Tercera Sala del m\u00e1ximo tribunal el 4 de julio de 2023, con el voto favorable de Vivanco.<\/p>\n<p>La investigaci\u00f3n del Ministerio P\u00fablico sostiene que el mismo d\u00eda de la sentencia, 4 de julio de 2023, la exministra recibi\u00f3 una retribuci\u00f3n econ\u00f3mica por su voto favorable. Seg\u00fan la <a href=\"https:\/\/www.fiscaliadechile.cl\/\">Fiscal\u00eda<\/a>, esta suma ascend\u00eda a lo menos a 15.600 d\u00f3lares americanos.<\/p>\n<p>Posteriormente, el d\u00eda siguiente, Vivanco concurri\u00f3 para rechazar la nulidad procesal solicitada por Codelco, incurriendo una vez m\u00e1s en una infracci\u00f3n a sus deberes de no declarar su inhabilidad debido a su relaci\u00f3n cercana con los abogados beneficiarios.<\/p>\n<p>El 5 de julio de 2023, V\u00edctor Migueles Oteiza, conviviente de Vivanco, recibi\u00f3 el dinero y lo vendi\u00f3 en efectivo en el Banco BCI. Los fondos fueron utilizados para pagar una deuda de tarjeta de cr\u00e9dito y amortizar su l\u00ednea de sobregiro.<\/p>\n<p>Esta ampliaci\u00f3n de la querella recapitula las resoluciones donde la imputada Vivanco Mart\u00ednez habr\u00eda incurrido en infracciones, incluyendo los cinco fallos clave emitidos entre julio y octubre de 2023, todos favorables a CBM. Adem\u00e1s, se mencionan dos fallos de febrero y marzo de 2024 que tambi\u00e9n resultaron en nuevos pagos millonarios.<\/p>\n<p>Con la incorporaci\u00f3n de este nuevo cap\u00edtulo, la <a href=\"https:\/\/www.fiscaliadechile.cl\/\">Fiscal\u00eda<\/a> Regional de Los Lagos pretende demostrar un patr\u00f3n de conducta donde las decisiones judiciales de Vivanco estar\u00edan supuestamente vinculadas a beneficios econ\u00f3micos il\u00edcitos recibidos.<\/p>\n","protected":false},"excerpt":{"rendered":"<p>Carmen Gloria Wittwer, fiscal regional de Los Lagos, present\u00f3 una ampliaci\u00f3n de la querella contra \u00c1ngela Vivanco Mart\u00ednez, exministra de la Corte Suprema. Esta nueva acusaci\u00f3n incorpora un cuarto cap\u00edtulo que detalla un nuevo pago il\u00edcito recibido por la magistrada. Este ingreso fue a cambio de su intervenci\u00f3n en un recurso de protecci\u00f3n favorable al [&hellip;]<\/p>\n","protected":false},"author":2,"featured_media":21226,"comment_status":"closed","ping_status":"open","sticky":false,"template":"","format":"standard","meta":{"_jetpack_memberships_contains_paid_content":false,"jnews-multi-image_gallery":[],"jnews_single_post":[],"jnews_primary_category":[],"jnews_social_meta":[],"jnews_paywall_metabox":[],"jnews_review":[],"enable_review":"","type":"","name":"","summary":"","brand":"","sku":"","good":[],"bad":[],"score_override":"","override_value":"","rating":[],"price":[],"jnews_override_counter":[],"jnews_post_split":[],"footnotes":""},"categories":[21],"tags":[],"class_list":["post-21227","post","type-post","status-publish","format-standard","has-post-thumbnail","hentry","category-nacional"],"jetpack_featured_media_url":"https:\/\/laserenaradio.cl\/web\/wp-content\/uploads\/2025\/11\/homepiaiextractoscrapimg_predeterminadalaserenaradio_nacional-48.webp","jetpack_sharing_enabled":true,"_links":{"self":[{"href":"https:\/\/laserenaradio.cl\/web\/wp-json\/wp\/v2\/posts\/21227","targetHints":{"allow":["GET"]}}],"collection":[{"href":"https:\/\/laserenaradio.cl\/web\/wp-json\/wp\/v2\/posts"}],"about":[{"href":"https:\/\/laserenaradio.cl\/web\/wp-json\/wp\/v2\/types\/post"}],"author":[{"embeddable":true,"href":"https:\/\/laserenaradio.cl\/web\/wp-json\/wp\/v2\/users\/2"}],"replies":[{"embeddable":true,"href":"https:\/\/laserenaradio.cl\/web\/wp-json\/wp\/v2\/comments?post=21227"}],"version-history":[{"count":1,"href":"https:\/\/laserenaradio.cl\/web\/wp-json\/wp\/v2\/posts\/21227\/revisions"}],"predecessor-version":[{"id":21228,"href":"https:\/\/laserenaradio.cl\/web\/wp-json\/wp\/v2\/posts\/21227\/revisions\/21228"}],"wp:featuredmedia":[{"embeddable":true,"href":"https:\/\/laserenaradio.cl\/web\/wp-json\/wp\/v2\/media\/21226"}],"wp:attachment":[{"href":"https:\/\/laserenaradio.cl\/web\/wp-json\/wp\/v2\/media?parent=21227"}],"wp:term":[{"taxonomy":"category","embeddable":true,"href":"https:\/\/laserenaradio.cl\/web\/wp-json\/wp\/v2\/categories?post=21227"},{"taxonomy":"post_tag","embeddable":true,"href":"https:\/\/laserenaradio.cl\/web\/wp-json\/wp\/v2\/tags?post=21227"}],"curies":[{"name":"wp","href":"https:\/\/api.w.org\/{rel}","templated":true}]}}