{"id":21221,"date":"2025-11-26T08:21:40","date_gmt":"2025-11-26T11:21:40","guid":{"rendered":"https:\/\/laserenaradio.cl\/web\/?p=21221"},"modified":"2025-11-26T08:21:40","modified_gmt":"2025-11-26T11:21:40","slug":"desalojo-de-feria-navidena-ilegal-en-penalolen-con-disturbios-y-heridos","status":"publish","type":"post","link":"https:\/\/laserenaradio.cl\/web\/2025\/11\/26\/desalojo-de-feria-navidena-ilegal-en-penalolen-con-disturbios-y-heridos\/","title":{"rendered":"Desalojo de feria navide\u00f1a ilegal en Pe\u00f1alol\u00e9n con disturbios y heridos."},"content":{"rendered":"<p>Con des\u00f3rdenes termin\u00f3 el desalojo de una feria navide\u00f1a ilegal en Pe\u00f1alol\u00e9n. La intervenci\u00f3n se desarroll\u00f3 la noche del martes en calle Ram\u00f3n Carnicer, entre Tobalaba y Los Cerezos.<\/p>\n<p>Todos los a\u00f1os all\u00ed se emplaza una feria navide\u00f1a que re\u00fane entre 150 y 200 puestos, la que estar\u00eda ligada a distintos delitos e incivilidades. No cuenta con permisos respectivos.<\/p>\n<p>Personal municipal y de <a href=\"https:\/\/www.carabineros.cl\/\">Carabineros<\/a> se trasladaron hasta el sector para desalojar la feria ilegal. Pero al poco avanzar los minutos, personas comenzaron a lanzar botellas, piedras y fuegos artificiales, entre otros, para evitar que fueran requisados todos sus productos.<\/p>\n<p>Se registraron barricadas que cortaron por completo la circulaci\u00f3n de avenida Departamental. Ante esto, debi\u00f3 intervenir personal de Control de Orden P\u00fablico de la polic\u00eda uniformada.<\/p>\n<p>Los ambulantes atacaron la 61\u00aa comisar\u00eda, lo que gener\u00f3 da\u00f1os en el frontis y en el veh\u00edculo de un carabinero. Esto dej\u00f3 a un uniformado herido en su cabeza y otro en sus manos, quienes fueron trasladados al hospital institucional.<\/p>\n<p>El alcalde de Pe\u00f1alol\u00e9n, Miguel Concha, se\u00f1al\u00f3 que continuar\u00e1n desarrollando desalojos en este lugar para erradicar la feria y dar tranquilidad a los vecinos. Los incidentes dejaron un detenido, quien ser\u00e1 formalizado en las pr\u00f3ximas horas.<\/p>\n","protected":false},"excerpt":{"rendered":"<p>Con des\u00f3rdenes termin\u00f3 el desalojo de una feria navide\u00f1a ilegal en Pe\u00f1alol\u00e9n. La intervenci\u00f3n se desarroll\u00f3 la noche del martes en calle Ram\u00f3n Carnicer, entre Tobalaba y Los Cerezos. Todos los a\u00f1os all\u00ed se emplaza una feria navide\u00f1a que re\u00fane entre 150 y 200 puestos, la que estar\u00eda ligada a distintos delitos e incivilidades. No [&hellip;]<\/p>\n","protected":false},"author":2,"featured_media":21220,"comment_status":"closed","ping_status":"open","sticky":false,"template":"","format":"standard","meta":{"_jetpack_memberships_contains_paid_content":false,"jnews-multi-image_gallery":[],"jnews_single_post":[],"jnews_primary_category":[],"jnews_social_meta":[],"jnews_paywall_metabox":[],"jnews_review":[],"enable_review":"","type":"","name":"","summary":"","brand":"","sku":"","good":[],"bad":[],"score_override":"","override_value":"","rating":[],"price":[],"jnews_override_counter":[],"jnews_post_split":[],"footnotes":""},"categories":[21],"tags":[],"class_list":["post-21221","post","type-post","status-publish","format-standard","has-post-thumbnail","hentry","category-nacional"],"jetpack_featured_media_url":"https:\/\/laserenaradio.cl\/web\/wp-content\/uploads\/2025\/11\/homepiaiextractoscrapimg_predeterminadalaserenaradio_nacional-47.webp","jetpack_sharing_enabled":true,"_links":{"self":[{"href":"https:\/\/laserenaradio.cl\/web\/wp-json\/wp\/v2\/posts\/21221","targetHints":{"allow":["GET"]}}],"collection":[{"href":"https:\/\/laserenaradio.cl\/web\/wp-json\/wp\/v2\/posts"}],"about":[{"href":"https:\/\/laserenaradio.cl\/web\/wp-json\/wp\/v2\/types\/post"}],"author":[{"embeddable":true,"href":"https:\/\/laserenaradio.cl\/web\/wp-json\/wp\/v2\/users\/2"}],"replies":[{"embeddable":true,"href":"https:\/\/laserenaradio.cl\/web\/wp-json\/wp\/v2\/comments?post=21221"}],"version-history":[{"count":1,"href":"https:\/\/laserenaradio.cl\/web\/wp-json\/wp\/v2\/posts\/21221\/revisions"}],"predecessor-version":[{"id":21222,"href":"https:\/\/laserenaradio.cl\/web\/wp-json\/wp\/v2\/posts\/21221\/revisions\/21222"}],"wp:featuredmedia":[{"embeddable":true,"href":"https:\/\/laserenaradio.cl\/web\/wp-json\/wp\/v2\/media\/21220"}],"wp:attachment":[{"href":"https:\/\/laserenaradio.cl\/web\/wp-json\/wp\/v2\/media?parent=21221"}],"wp:term":[{"taxonomy":"category","embeddable":true,"href":"https:\/\/laserenaradio.cl\/web\/wp-json\/wp\/v2\/categories?post=21221"},{"taxonomy":"post_tag","embeddable":true,"href":"https:\/\/laserenaradio.cl\/web\/wp-json\/wp\/v2\/tags?post=21221"}],"curies":[{"name":"wp","href":"https:\/\/api.w.org\/{rel}","templated":true}]}}