{"id":21212,"date":"2025-11-25T21:45:46","date_gmt":"2025-11-26T00:45:46","guid":{"rendered":"https:\/\/laserenaradio.cl\/web\/?p=21212"},"modified":"2025-11-25T21:45:46","modified_gmt":"2025-11-26T00:45:46","slug":"se-inicia-temporada-de-agua-negra-para-2025-y-2026","status":"publish","type":"post","link":"https:\/\/laserenaradio.cl\/web\/2025\/11\/25\/se-inicia-temporada-de-agua-negra-para-2025-y-2026\/","title":{"rendered":"Se inicia temporada de Agua Negra para 2025 y 2026"},"content":{"rendered":"<p>Este mi\u00e9rcoles 26 de noviembre, se oficializar\u00e1 la apertura del paso fronterizo de Agua Negra para la temporada 2025 y 2026. La habilitaci\u00f3n del corredor bioce\u00e1nico, que conecta Coquimbo con San Juan, Argentina, genera expectativas altas. Se proyecta superar las 113.853 personas de pasajeros registradas en el ciclo anterior.<\/p>\n<p>Para atender la alta demanda, el <a href=\"https:\/\/www.interior.gob.cl\/\">Ministerio del Interior<\/a> implement\u00f3 un plan de modernizaci\u00f3n en el complejo fronterizo Juntas del Toro. Las mejoras incluyen el refuerzo del sistema el\u00e9ctrico, ampliaci\u00f3n de las zonas de descanso y la implementaci\u00f3n de un sat\u00e9lite Starlink m\u00f3vil para dotar de conectividad en los tramos cr\u00edticos. Adem\u00e1s se habilitar\u00e1 un helipuerto de alto est\u00e1ndar.<\/p>\n<p>Pese a estas inversiones, la apertura enfrenta duras cr\u00edticas por parte de la Corporaci\u00f3n Paso Agua Negra (Corpan). Su presidente, Rodrigo D\u00edaz, cuestion\u00f3 el &#8220;bajo perfil&#8221; de la inauguraci\u00f3n y la fecha tard\u00eda. Asegura que las obras en el lado chileno finalizaron hace tres semanas, lo que impidi\u00f3 aprovechar el flujo comercial de la &#8220;Fiesta del Sol&#8221; en San Juan.<\/p>\n<p>Este desfase ha forzado a empresarios a desviar cargas y delegaciones v\u00eda Mendoza, elevando significativamente los costos operativos. La cr\u00edtica estructural se dirige tambi\u00e9n a la <a href=\"http:\/\/www.vialidad.cl\/\">Direcci\u00f3n de Vialidad<\/a> por el nulo avance en la pavimentaci\u00f3n desde el sector de la laguna hacia el l\u00edmite internacional con Argentina.<\/p>\n<p>Frente a estos cuestionamientos, el seremi de Obras P\u00fablicas, Javier Sandoval, defendi\u00f3 el compromiso estatal. Cifr\u00f3 en $ 70 mil millones la inversi\u00f3n ejecutada en la Ruta 41 durante los \u00faltimos cuatro a\u00f1os, destinada a despeje de nieve, mejoramiento de la plataforma y la intervenci\u00f3n de 11 cruces con iluminaci\u00f3n fotovoltaica y pistas de seguridad.<\/p>\n<p>El paso operar\u00e1 de lunes a domingo, con horario de salida entre 07:00 y 17:00 horas a partir del 27 de noviembre. La atenci\u00f3n migratoria de ingreso continuar\u00e1 hasta las 21:00 horas.<\/p>\n","protected":false},"excerpt":{"rendered":"<p>Este mi\u00e9rcoles 26 de noviembre, se oficializar\u00e1 la apertura del paso fronterizo de Agua Negra para la temporada 2025 y 2026. La habilitaci\u00f3n del corredor bioce\u00e1nico, que conecta Coquimbo con San Juan, Argentina, genera expectativas altas. Se proyecta superar las 113.853 personas de pasajeros registradas en el ciclo anterior. Para atender la alta demanda, el [&hellip;]<\/p>\n","protected":false},"author":2,"featured_media":21211,"comment_status":"closed","ping_status":"open","sticky":false,"template":"","format":"standard","meta":{"_jetpack_memberships_contains_paid_content":false,"jnews-multi-image_gallery":[],"jnews_single_post":[],"jnews_primary_category":[],"jnews_social_meta":[],"jnews_paywall_metabox":[],"jnews_review":[],"enable_review":"","type":"","name":"","summary":"","brand":"","sku":"","good":[],"bad":[],"score_override":"","override_value":"","rating":[],"price":[],"jnews_override_counter":[],"jnews_post_split":[],"footnotes":""},"categories":[21],"tags":[],"class_list":["post-21212","post","type-post","status-publish","format-standard","has-post-thumbnail","hentry","category-nacional"],"jetpack_featured_media_url":"https:\/\/laserenaradio.cl\/web\/wp-content\/uploads\/2025\/11\/homepiaiextractoscrapimg_webpnoviembreaperturapasofronterizo_1.webp","jetpack_sharing_enabled":true,"_links":{"self":[{"href":"https:\/\/laserenaradio.cl\/web\/wp-json\/wp\/v2\/posts\/21212","targetHints":{"allow":["GET"]}}],"collection":[{"href":"https:\/\/laserenaradio.cl\/web\/wp-json\/wp\/v2\/posts"}],"about":[{"href":"https:\/\/laserenaradio.cl\/web\/wp-json\/wp\/v2\/types\/post"}],"author":[{"embeddable":true,"href":"https:\/\/laserenaradio.cl\/web\/wp-json\/wp\/v2\/users\/2"}],"replies":[{"embeddable":true,"href":"https:\/\/laserenaradio.cl\/web\/wp-json\/wp\/v2\/comments?post=21212"}],"version-history":[{"count":1,"href":"https:\/\/laserenaradio.cl\/web\/wp-json\/wp\/v2\/posts\/21212\/revisions"}],"predecessor-version":[{"id":21213,"href":"https:\/\/laserenaradio.cl\/web\/wp-json\/wp\/v2\/posts\/21212\/revisions\/21213"}],"wp:featuredmedia":[{"embeddable":true,"href":"https:\/\/laserenaradio.cl\/web\/wp-json\/wp\/v2\/media\/21211"}],"wp:attachment":[{"href":"https:\/\/laserenaradio.cl\/web\/wp-json\/wp\/v2\/media?parent=21212"}],"wp:term":[{"taxonomy":"category","embeddable":true,"href":"https:\/\/laserenaradio.cl\/web\/wp-json\/wp\/v2\/categories?post=21212"},{"taxonomy":"post_tag","embeddable":true,"href":"https:\/\/laserenaradio.cl\/web\/wp-json\/wp\/v2\/tags?post=21212"}],"curies":[{"name":"wp","href":"https:\/\/api.w.org\/{rel}","templated":true}]}}