{"id":21209,"date":"2025-11-25T21:34:52","date_gmt":"2025-11-26T00:34:52","guid":{"rendered":"https:\/\/laserenaradio.cl\/web\/?p=21209"},"modified":"2025-11-25T21:34:52","modified_gmt":"2025-11-26T00:34:52","slug":"cntv-aprobara-campana-contra-violencia-de-genero","status":"publish","type":"post","link":"https:\/\/laserenaradio.cl\/web\/2025\/11\/25\/cntv-aprobara-campana-contra-violencia-de-genero\/","title":{"rendered":"CNTV aprobar\u00e1 campa\u00f1a contra violencia de g\u00e9nero"},"content":{"rendered":"<p>La ministra vocera de Gobierno, Camila Vallejo, valor\u00f3 la rectificaci\u00f3n del Consejo Nacional de Televisi\u00f3n (CNTV) en permitir el registro audiovisual de la campa\u00f1a \u00abUna ley en nombre de todas\u00bb. Recordemos que inicialmente, el CNTV rechaz\u00f3 esta iniciativa durante la semana pasada, argumentando inapropriaci\u00f3n en el contexto electoral actual. Sin embargo, tras una reconsideraci\u00f3n solicitada por el Gobierno, la decisi\u00f3n fue revocada con 9 votos a favor.<\/p>\n<p>Tras la aprobaci\u00f3n, Vallejo explic\u00f3: &#8220;Para nosotros como <a href=\"http:\/\/www.msgg.gob.cl\/\">Ministerio Secretar\u00eda General de Gobierno<\/a> no solamente result\u00f3 lamentable, sino que incomprensible que el CNTV haya rechazado nuestra solicitud de difundir esta campa\u00f1a&#8221;. Se\u00f1al\u00f3 adem\u00e1s que la iniciativa buscaba concienciar sobre una Ley Integral para prevenir, sancionar y erradicar violencia contra las mujeres.<\/p>\n<p>As\u00ed, la ministra subray\u00f3: &#8220;Es fundamental que esta ley no solo se difunda en redes sociales, sino tambi\u00e9n a trav\u00e9s de televisi\u00f3n abierta&#8221;. Esto permitir\u00eda llegar a m\u00e1s rincones del territorio chileno. Vallejo concluy\u00f3 afirmando: &#8220;Obviamente hoy estamos contentas de que el CNTV haya revertido su decisi\u00f3n; es lo correcto y ayudar\u00e1 a orientar a las mujeres sobre sus derechos y garant\u00edas&#8221;.<\/p>\n","protected":false},"excerpt":{"rendered":"<p>La ministra vocera de Gobierno, Camila Vallejo, valor\u00f3 la rectificaci\u00f3n del Consejo Nacional de Televisi\u00f3n (CNTV) en permitir el registro audiovisual de la campa\u00f1a \u00abUna ley en nombre de todas\u00bb. Recordemos que inicialmente, el CNTV rechaz\u00f3 esta iniciativa durante la semana pasada, argumentando inapropriaci\u00f3n en el contexto electoral actual. Sin embargo, tras una reconsideraci\u00f3n solicitada [&hellip;]<\/p>\n","protected":false},"author":2,"featured_media":21208,"comment_status":"closed","ping_status":"open","sticky":false,"template":"","format":"standard","meta":{"_jetpack_memberships_contains_paid_content":false,"jnews-multi-image_gallery":[],"jnews_single_post":[],"jnews_primary_category":[],"jnews_social_meta":[],"jnews_paywall_metabox":[],"jnews_review":[],"enable_review":"","type":"","name":"","summary":"","brand":"","sku":"","good":[],"bad":[],"score_override":"","override_value":"","rating":[],"price":[],"jnews_override_counter":[],"jnews_post_split":[],"footnotes":""},"categories":[21],"tags":[],"class_list":["post-21209","post","type-post","status-publish","format-standard","has-post-thumbnail","hentry","category-nacional"],"jetpack_featured_media_url":"https:\/\/laserenaradio.cl\/web\/wp-content\/uploads\/2025\/11\/homepiaiextractoscrapimg_predeterminadalaserenaradio_nacional-45.webp","jetpack_sharing_enabled":true,"_links":{"self":[{"href":"https:\/\/laserenaradio.cl\/web\/wp-json\/wp\/v2\/posts\/21209","targetHints":{"allow":["GET"]}}],"collection":[{"href":"https:\/\/laserenaradio.cl\/web\/wp-json\/wp\/v2\/posts"}],"about":[{"href":"https:\/\/laserenaradio.cl\/web\/wp-json\/wp\/v2\/types\/post"}],"author":[{"embeddable":true,"href":"https:\/\/laserenaradio.cl\/web\/wp-json\/wp\/v2\/users\/2"}],"replies":[{"embeddable":true,"href":"https:\/\/laserenaradio.cl\/web\/wp-json\/wp\/v2\/comments?post=21209"}],"version-history":[{"count":1,"href":"https:\/\/laserenaradio.cl\/web\/wp-json\/wp\/v2\/posts\/21209\/revisions"}],"predecessor-version":[{"id":21210,"href":"https:\/\/laserenaradio.cl\/web\/wp-json\/wp\/v2\/posts\/21209\/revisions\/21210"}],"wp:featuredmedia":[{"embeddable":true,"href":"https:\/\/laserenaradio.cl\/web\/wp-json\/wp\/v2\/media\/21208"}],"wp:attachment":[{"href":"https:\/\/laserenaradio.cl\/web\/wp-json\/wp\/v2\/media?parent=21209"}],"wp:term":[{"taxonomy":"category","embeddable":true,"href":"https:\/\/laserenaradio.cl\/web\/wp-json\/wp\/v2\/categories?post=21209"},{"taxonomy":"post_tag","embeddable":true,"href":"https:\/\/laserenaradio.cl\/web\/wp-json\/wp\/v2\/tags?post=21209"}],"curies":[{"name":"wp","href":"https:\/\/api.w.org\/{rel}","templated":true}]}}