{"id":21206,"date":"2025-11-25T21:32:27","date_gmt":"2025-11-26T00:32:27","guid":{"rendered":"https:\/\/laserenaradio.cl\/web\/?p=21206"},"modified":"2025-11-25T21:32:27","modified_gmt":"2025-11-26T00:32:27","slug":"aprueban-una-central-de-almacenamiento-de-energia-en-coquimbo","status":"publish","type":"post","link":"https:\/\/laserenaradio.cl\/web\/2025\/11\/25\/aprueban-una-central-de-almacenamiento-de-energia-en-coquimbo\/","title":{"rendered":"Aprueban una central de almacenamiento de energ\u00eda en Coquimbo"},"content":{"rendered":"<p>La Comisi\u00f3n de Evaluaci\u00f3n Ambiental (Coeva) de Coquimbo aprob\u00f3 la Declaraci\u00f3n de Impacto Ambiental (DIA) para una central de almacenamiento con bater\u00edas en la comuna del mismo nombre, con una inversi\u00f3n de US$ 300 millones.<\/p>\n<p>El proyecto incluye la construcci\u00f3n, operaci\u00f3n y mantenimiento de un Sistema de Almacenamiento de Energ\u00eda Mediante Bater\u00edas (BESS) con capacidad para 400 MW y 1.600 MW\/h que despachar\u00e1 energ\u00eda hacia la subestaci\u00f3n Nueva Pan de Az\u00facar, en el sector de El Pe\u00f1\u00f3n, a trav\u00e9s de una l\u00ednea de transmisi\u00f3n.<\/p>\n<p>Este es el mayor proyecto de su tipo aprobado por la comisi\u00f3n regional hasta la fecha y tendr\u00e1 una vida \u00fatil de 25 a\u00f1os. Durante la construcci\u00f3n, se generar\u00e1n hasta 200 puestos de trabajo, mientras que en r\u00e9gimen requerir\u00e1 del mantenimiento de 13 operarios.<\/p>\n<p>Con esta iniciativa, la Regi\u00f3n de Coquimbo suma ya 17 obras de generaci\u00f3n energ\u00e9tica aprobadas por la Comisi\u00f3n de Evaluaci\u00f3n Ambiental desde 2022, con una capacidad instalada total de 1.630 MW y una inversi\u00f3n total de US$ 1.847 millones.<\/p>\n","protected":false},"excerpt":{"rendered":"<p>La Comisi\u00f3n de Evaluaci\u00f3n Ambiental (Coeva) de Coquimbo aprob\u00f3 la Declaraci\u00f3n de Impacto Ambiental (DIA) para una central de almacenamiento con bater\u00edas en la comuna del mismo nombre, con una inversi\u00f3n de US$ 300 millones. El proyecto incluye la construcci\u00f3n, operaci\u00f3n y mantenimiento de un Sistema de Almacenamiento de Energ\u00eda Mediante Bater\u00edas (BESS) con capacidad [&hellip;]<\/p>\n","protected":false},"author":2,"featured_media":21205,"comment_status":"closed","ping_status":"open","sticky":false,"template":"","format":"standard","meta":{"_jetpack_memberships_contains_paid_content":false,"jnews-multi-image_gallery":[],"jnews_single_post":[],"jnews_primary_category":[],"jnews_social_meta":[],"jnews_paywall_metabox":[],"jnews_review":[],"enable_review":"","type":"","name":"","summary":"","brand":"","sku":"","good":[],"bad":[],"score_override":"","override_value":"","rating":[],"price":[],"jnews_override_counter":[],"jnews_post_split":[],"footnotes":""},"categories":[21],"tags":[],"class_list":["post-21206","post","type-post","status-publish","format-standard","has-post-thumbnail","hentry","category-nacional"],"jetpack_featured_media_url":"https:\/\/laserenaradio.cl\/web\/wp-content\/uploads\/2025\/11\/homepiaiextractoscrapimg_webpAprobacionCoquimbo_0.webp","jetpack_sharing_enabled":true,"_links":{"self":[{"href":"https:\/\/laserenaradio.cl\/web\/wp-json\/wp\/v2\/posts\/21206","targetHints":{"allow":["GET"]}}],"collection":[{"href":"https:\/\/laserenaradio.cl\/web\/wp-json\/wp\/v2\/posts"}],"about":[{"href":"https:\/\/laserenaradio.cl\/web\/wp-json\/wp\/v2\/types\/post"}],"author":[{"embeddable":true,"href":"https:\/\/laserenaradio.cl\/web\/wp-json\/wp\/v2\/users\/2"}],"replies":[{"embeddable":true,"href":"https:\/\/laserenaradio.cl\/web\/wp-json\/wp\/v2\/comments?post=21206"}],"version-history":[{"count":1,"href":"https:\/\/laserenaradio.cl\/web\/wp-json\/wp\/v2\/posts\/21206\/revisions"}],"predecessor-version":[{"id":21207,"href":"https:\/\/laserenaradio.cl\/web\/wp-json\/wp\/v2\/posts\/21206\/revisions\/21207"}],"wp:featuredmedia":[{"embeddable":true,"href":"https:\/\/laserenaradio.cl\/web\/wp-json\/wp\/v2\/media\/21205"}],"wp:attachment":[{"href":"https:\/\/laserenaradio.cl\/web\/wp-json\/wp\/v2\/media?parent=21206"}],"wp:term":[{"taxonomy":"category","embeddable":true,"href":"https:\/\/laserenaradio.cl\/web\/wp-json\/wp\/v2\/categories?post=21206"},{"taxonomy":"post_tag","embeddable":true,"href":"https:\/\/laserenaradio.cl\/web\/wp-json\/wp\/v2\/tags?post=21206"}],"curies":[{"name":"wp","href":"https:\/\/api.w.org\/{rel}","templated":true}]}}