{"id":21185,"date":"2025-11-25T07:52:32","date_gmt":"2025-11-25T10:52:32","guid":{"rendered":"https:\/\/laserenaradio.cl\/web\/?p=21185"},"modified":"2025-11-25T07:52:32","modified_gmt":"2025-11-25T10:52:32","slug":"muere-en-las-vias-un-pasajero-al-saltar-a-evitar-que-un-tren-lo-atropelle","status":"publish","type":"post","link":"https:\/\/laserenaradio.cl\/web\/2025\/11\/25\/muere-en-las-vias-un-pasajero-al-saltar-a-evitar-que-un-tren-lo-atropelle\/","title":{"rendered":"Muere en las v\u00edas un pasajero al saltar a evitar que un tren lo atropelle."},"content":{"rendered":"<p>El servicio de tren Alameda-Nos opera con limitaciones debido a un incidente tr\u00e1gico. Este suceso ocurri\u00f3 cerca de Pedro Aguirre Cerda y Lo Espejo, espec\u00edficamente despu\u00e9s de las 4:00 de la madrugada. Durante pruebas previas al inicio del servicio, el maquinista habr\u00eda atropellado a una persona sin identificar a\u00fan.<\/p>\n<p>Por este motivo, el transporte est\u00e1 disponible \u00fanicamente entre Estaci\u00f3n Central y Lo Espejo. Personal de <a href=\"https:\/\/www.carabineros.cl\/\">Carabineros<\/a> se encuentra en el lugar realizando pericias para determinar las circunstancias exactas de la muerte.<\/p>\n","protected":false},"excerpt":{"rendered":"<p>El servicio de tren Alameda-Nos opera con limitaciones debido a un incidente tr\u00e1gico. Este suceso ocurri\u00f3 cerca de Pedro Aguirre Cerda y Lo Espejo, espec\u00edficamente despu\u00e9s de las 4:00 de la madrugada. Durante pruebas previas al inicio del servicio, el maquinista habr\u00eda atropellado a una persona sin identificar a\u00fan. Por este motivo, el transporte est\u00e1 [&hellip;]<\/p>\n","protected":false},"author":2,"featured_media":21184,"comment_status":"closed","ping_status":"open","sticky":false,"template":"","format":"standard","meta":{"_jetpack_memberships_contains_paid_content":false,"jnews-multi-image_gallery":[],"jnews_single_post":[],"jnews_primary_category":[],"jnews_social_meta":[],"jnews_paywall_metabox":[],"jnews_review":[],"enable_review":"","type":"","name":"","summary":"","brand":"","sku":"","good":[],"bad":[],"score_override":"","override_value":"","rating":[],"price":[],"jnews_override_counter":[],"jnews_post_split":[],"footnotes":""},"categories":[21],"tags":[],"class_list":["post-21185","post","type-post","status-publish","format-standard","has-post-thumbnail","hentry","category-nacional"],"jetpack_featured_media_url":"https:\/\/laserenaradio.cl\/web\/wp-content\/uploads\/2025\/11\/homepiaiextractoscrapimg_predeterminadalaserenaradio_nacional-44.webp","jetpack_sharing_enabled":true,"_links":{"self":[{"href":"https:\/\/laserenaradio.cl\/web\/wp-json\/wp\/v2\/posts\/21185","targetHints":{"allow":["GET"]}}],"collection":[{"href":"https:\/\/laserenaradio.cl\/web\/wp-json\/wp\/v2\/posts"}],"about":[{"href":"https:\/\/laserenaradio.cl\/web\/wp-json\/wp\/v2\/types\/post"}],"author":[{"embeddable":true,"href":"https:\/\/laserenaradio.cl\/web\/wp-json\/wp\/v2\/users\/2"}],"replies":[{"embeddable":true,"href":"https:\/\/laserenaradio.cl\/web\/wp-json\/wp\/v2\/comments?post=21185"}],"version-history":[{"count":1,"href":"https:\/\/laserenaradio.cl\/web\/wp-json\/wp\/v2\/posts\/21185\/revisions"}],"predecessor-version":[{"id":21186,"href":"https:\/\/laserenaradio.cl\/web\/wp-json\/wp\/v2\/posts\/21185\/revisions\/21186"}],"wp:featuredmedia":[{"embeddable":true,"href":"https:\/\/laserenaradio.cl\/web\/wp-json\/wp\/v2\/media\/21184"}],"wp:attachment":[{"href":"https:\/\/laserenaradio.cl\/web\/wp-json\/wp\/v2\/media?parent=21185"}],"wp:term":[{"taxonomy":"category","embeddable":true,"href":"https:\/\/laserenaradio.cl\/web\/wp-json\/wp\/v2\/categories?post=21185"},{"taxonomy":"post_tag","embeddable":true,"href":"https:\/\/laserenaradio.cl\/web\/wp-json\/wp\/v2\/tags?post=21185"}],"curies":[{"name":"wp","href":"https:\/\/api.w.org\/{rel}","templated":true}]}}