{"id":21155,"date":"2025-11-23T21:11:39","date_gmt":"2025-11-24T00:11:39","guid":{"rendered":"https:\/\/laserenaradio.cl\/web\/?p=21155"},"modified":"2025-11-23T21:11:39","modified_gmt":"2025-11-24T00:11:39","slug":"reo-escapa-de-carcel-despues-de-saltar-pandereta","status":"publish","type":"post","link":"https:\/\/laserenaradio.cl\/web\/2025\/11\/23\/reo-escapa-de-carcel-despues-de-saltar-pandereta\/","title":{"rendered":"Reo escapa de c\u00e1rcel despu\u00e9s de saltar pandereta"},"content":{"rendered":"<p>La tarde de este domingo se report\u00f3 la fuga de un reo desde la c\u00e1rcel Colina II, luego de que saltara una de las panderetas que resguarda el lugar.<\/p>\n<p>Se trata del interno Am\u00edlcar Olivares C\u00e1rdenas, imputado por robo con intimidaci\u00f3n. Al respecto, el subsecretario de Justicia, Ernesto Mu\u00f1oz, sostuvo que la fuga ocurri\u00f3 a eso de las 15:27 horas.<\/p>\n<p>Luego de recabados los antecedentes, se ha puesto en conocimiento a las polic\u00edas y tambi\u00e9n estamos en coordinaci\u00f3n con el Ministerio de Seguridad para recapturar a este individuo. Esa es la prioridad hoy d\u00eda, junto con tambi\u00e9n confirmar que no existen otros reos que, una vez que se haya realizado el conteo, est\u00e9n faltando.<\/p>\n<p>Asimismo, agreg\u00f3 que &#8220;en estos momentos los grupos especiales de <a href=\"http:\/\/www.gendarmeria.gob.cl\/\">Gendarmer\u00eda<\/a> tambi\u00e9n est\u00e1n realizando, m\u00f3dulo por m\u00f3dulo, una revisi\u00f3n exhaustiva para confirmar que no tengamos ning\u00fan tipo de falta en ese sentido&#8221;.<\/p>\n<p>El sujeto ya se hab\u00eda fugado en 2009 desde la <a href=\"https:\/\/www.fiscaliadechile.cl\/\">Fiscal\u00eda<\/a> Sur.<\/p>\n","protected":false},"excerpt":{"rendered":"<p>La tarde de este domingo se report\u00f3 la fuga de un reo desde la c\u00e1rcel Colina II, luego de que saltara una de las panderetas que resguarda el lugar. Se trata del interno Am\u00edlcar Olivares C\u00e1rdenas, imputado por robo con intimidaci\u00f3n. Al respecto, el subsecretario de Justicia, Ernesto Mu\u00f1oz, sostuvo que la fuga ocurri\u00f3 a [&hellip;]<\/p>\n","protected":false},"author":2,"featured_media":21154,"comment_status":"closed","ping_status":"open","sticky":false,"template":"","format":"standard","meta":{"_jetpack_memberships_contains_paid_content":false,"jnews-multi-image_gallery":[],"jnews_single_post":[],"jnews_primary_category":[],"jnews_social_meta":[],"jnews_paywall_metabox":[],"jnews_review":[],"enable_review":"","type":"","name":"","summary":"","brand":"","sku":"","good":[],"bad":[],"score_override":"","override_value":"","rating":[],"price":[],"jnews_override_counter":[],"jnews_post_split":[],"footnotes":""},"categories":[21],"tags":[],"class_list":["post-21155","post","type-post","status-publish","format-standard","has-post-thumbnail","hentry","category-nacional"],"jetpack_featured_media_url":"https:\/\/laserenaradio.cl\/web\/wp-content\/uploads\/2025\/11\/homepiaiextractoscrapimg_predeterminadalaserenaradio_nacional-43.webp","jetpack_sharing_enabled":true,"_links":{"self":[{"href":"https:\/\/laserenaradio.cl\/web\/wp-json\/wp\/v2\/posts\/21155","targetHints":{"allow":["GET"]}}],"collection":[{"href":"https:\/\/laserenaradio.cl\/web\/wp-json\/wp\/v2\/posts"}],"about":[{"href":"https:\/\/laserenaradio.cl\/web\/wp-json\/wp\/v2\/types\/post"}],"author":[{"embeddable":true,"href":"https:\/\/laserenaradio.cl\/web\/wp-json\/wp\/v2\/users\/2"}],"replies":[{"embeddable":true,"href":"https:\/\/laserenaradio.cl\/web\/wp-json\/wp\/v2\/comments?post=21155"}],"version-history":[{"count":1,"href":"https:\/\/laserenaradio.cl\/web\/wp-json\/wp\/v2\/posts\/21155\/revisions"}],"predecessor-version":[{"id":21156,"href":"https:\/\/laserenaradio.cl\/web\/wp-json\/wp\/v2\/posts\/21155\/revisions\/21156"}],"wp:featuredmedia":[{"embeddable":true,"href":"https:\/\/laserenaradio.cl\/web\/wp-json\/wp\/v2\/media\/21154"}],"wp:attachment":[{"href":"https:\/\/laserenaradio.cl\/web\/wp-json\/wp\/v2\/media?parent=21155"}],"wp:term":[{"taxonomy":"category","embeddable":true,"href":"https:\/\/laserenaradio.cl\/web\/wp-json\/wp\/v2\/categories?post=21155"},{"taxonomy":"post_tag","embeddable":true,"href":"https:\/\/laserenaradio.cl\/web\/wp-json\/wp\/v2\/tags?post=21155"}],"curies":[{"name":"wp","href":"https:\/\/api.w.org\/{rel}","templated":true}]}}