{"id":21149,"date":"2025-11-23T13:29:06","date_gmt":"2025-11-23T16:29:06","guid":{"rendered":"https:\/\/laserenaradio.cl\/web\/?p=21149"},"modified":"2025-11-23T13:29:06","modified_gmt":"2025-11-23T16:29:06","slug":"muerte-de-acrobata-en-funcion-del-imperial-royal-circus","status":"publish","type":"post","link":"https:\/\/laserenaradio.cl\/web\/2025\/11\/23\/muerte-de-acrobata-en-funcion-del-imperial-royal-circus\/","title":{"rendered":"Muerte de acr\u00f3bata en funci\u00f3n del Imperial Royal Circus"},"content":{"rendered":"<p>Un silencio abrupto, seguido de gritos del p\u00fablico, marca el inicio del video grabado por asistentes al Imperial Royal Circus en Italia. Este acto, conocido como el \u201cGlobo de la Muerte\u201d, muestra los \u00faltimos segundos del joven acr\u00f3bata chileno Christian Quezada V\u00e1zques, de 26 a\u00f1os.<\/p>\n<p>En la noche de una funci\u00f3n casi a oscuras, iluminada solo por las luces LED de los trajes de los motociclistas, se observa el complejo n\u00famero: tres acr\u00f3batas circulan a toda velocidad dentro de la esfera met\u00e1lica, cruz\u00e1ndose en trayectorias milim\u00e9tricas. Seg\u00fan los primeros antecedentes, Quezada habr\u00eda perdido el control de su motocicleta, cayendo hacia el centro de la estructura.<\/p>\n<p>El instante siguiente fue inevitable. Sus compa\u00f1eros \u2014un mexicano de 43 a\u00f1os y un colombiano de 26\u2014 intentaron frenar, pero la inercia y el escaso espacio derivaron en una violenta colisi\u00f3n. El chileno muri\u00f3 en el lugar; el acr\u00f3bata mexicano fue trasladado en estado cr\u00edtico a un hospital, donde permanece fuera de riesgo, mientras que el tercer integrante result\u00f3 con lesiones leves.<\/p>\n<p>La tragedia activ\u00f3 una investigaci\u00f3n de oficio. La polic\u00eda incaut\u00f3 el globo met\u00e1lico, las motocicletas y los videos del p\u00fablico para determinar si hubo fallas mec\u00e1nicas, errores humanos o un malestar s\u00fabito del joven chileno. Tambi\u00e9n se orden\u00f3 una autopsia.<\/p>\n<p>Christian Quezada era un artista multidisciplinario que hab\u00eda recorrido varios pa\u00edses con espect\u00e1culos itinerantes y que este a\u00f1o incluso se present\u00f3 ante el Papa Francisco.<\/p>\n","protected":false},"excerpt":{"rendered":"<p>Un silencio abrupto, seguido de gritos del p\u00fablico, marca el inicio del video grabado por asistentes al Imperial Royal Circus en Italia. Este acto, conocido como el \u201cGlobo de la Muerte\u201d, muestra los \u00faltimos segundos del joven acr\u00f3bata chileno Christian Quezada V\u00e1zques, de 26 a\u00f1os. En la noche de una funci\u00f3n casi a oscuras, iluminada [&hellip;]<\/p>\n","protected":false},"author":2,"featured_media":21148,"comment_status":"closed","ping_status":"open","sticky":false,"template":"","format":"standard","meta":{"_jetpack_memberships_contains_paid_content":false,"jnews-multi-image_gallery":[],"jnews_single_post":[],"jnews_primary_category":[],"jnews_social_meta":[],"jnews_paywall_metabox":[],"jnews_review":[],"enable_review":"","type":"","name":"","summary":"","brand":"","sku":"","good":[],"bad":[],"score_override":"","override_value":"","rating":[],"price":[],"jnews_override_counter":[],"jnews_post_split":[],"footnotes":""},"categories":[21],"tags":[],"class_list":["post-21149","post","type-post","status-publish","format-standard","has-post-thumbnail","hentry","category-nacional"],"jetpack_featured_media_url":"https:\/\/laserenaradio.cl\/web\/wp-content\/uploads\/2025\/11\/homepiaiextractoscrapimg_predeterminadalaserenaradio_ultimo_minuto-4.webp","jetpack_sharing_enabled":true,"_links":{"self":[{"href":"https:\/\/laserenaradio.cl\/web\/wp-json\/wp\/v2\/posts\/21149","targetHints":{"allow":["GET"]}}],"collection":[{"href":"https:\/\/laserenaradio.cl\/web\/wp-json\/wp\/v2\/posts"}],"about":[{"href":"https:\/\/laserenaradio.cl\/web\/wp-json\/wp\/v2\/types\/post"}],"author":[{"embeddable":true,"href":"https:\/\/laserenaradio.cl\/web\/wp-json\/wp\/v2\/users\/2"}],"replies":[{"embeddable":true,"href":"https:\/\/laserenaradio.cl\/web\/wp-json\/wp\/v2\/comments?post=21149"}],"version-history":[{"count":1,"href":"https:\/\/laserenaradio.cl\/web\/wp-json\/wp\/v2\/posts\/21149\/revisions"}],"predecessor-version":[{"id":21150,"href":"https:\/\/laserenaradio.cl\/web\/wp-json\/wp\/v2\/posts\/21149\/revisions\/21150"}],"wp:featuredmedia":[{"embeddable":true,"href":"https:\/\/laserenaradio.cl\/web\/wp-json\/wp\/v2\/media\/21148"}],"wp:attachment":[{"href":"https:\/\/laserenaradio.cl\/web\/wp-json\/wp\/v2\/media?parent=21149"}],"wp:term":[{"taxonomy":"category","embeddable":true,"href":"https:\/\/laserenaradio.cl\/web\/wp-json\/wp\/v2\/categories?post=21149"},{"taxonomy":"post_tag","embeddable":true,"href":"https:\/\/laserenaradio.cl\/web\/wp-json\/wp\/v2\/tags?post=21149"}],"curies":[{"name":"wp","href":"https:\/\/api.w.org\/{rel}","templated":true}]}}