{"id":21146,"date":"2025-11-23T13:26:31","date_gmt":"2025-11-23T16:26:31","guid":{"rendered":"https:\/\/laserenaradio.cl\/web\/?p=21146"},"modified":"2025-11-23T13:26:31","modified_gmt":"2025-11-23T16:26:31","slug":"adolescentes-detenidos-por-robo-con-violencia-en-la-serena","status":"publish","type":"post","link":"https:\/\/laserenaradio.cl\/web\/2025\/11\/23\/adolescentes-detenidos-por-robo-con-violencia-en-la-serena\/","title":{"rendered":"Adolescentes detenidos por robo con violencia en La Serena"},"content":{"rendered":"<p>En internaci\u00f3n provisoria quedaron dos adolescentes de 14 y 16 a\u00f1os luego de ser formalizados por robo con violencia. Los hechos ocurrieron en el centro de La Serena, tras una brutal agresi\u00f3n filmada y difundida en redes sociales. El video muestra c\u00f3mo la v\u00edctima fue golpeada repetidamente, incluso cuando ya estaba en el suelo.<\/p>\n<p>El fiscal Carlos Jim\u00e9nez explic\u00f3 que los menores fueron presentados ante el tribunal para formalizaci\u00f3n luego de ser detenidos por <a href=\"https:\/\/www.carabineros.cl\/\">Carabineros<\/a> de la 1\u00aa Comisar\u00eda. Se solicit\u00f3 internaci\u00f3n provisoria debido a los antecedentes de la carpeta investigativa, el actuar en grupo o pandilla y las lesiones provocadas.<\/p>\n<p>El violento incidente activ\u00f3 protocolos municipales y de <a href=\"https:\/\/www.carabineros.cl\/\">Carabineros<\/a>, permitiendo la detenci\u00f3n de los dos agresores. La municipalidad brindar\u00e1 contenci\u00f3n psicosocial a la familia afectada, mientras que el Colegio Domingo Santa Mar\u00eda confirm\u00f3 que el alumno recibi\u00f3 atenci\u00f3n inmediata y que la situaci\u00f3n se encuentra en proceso de investigaci\u00f3n interna.<\/p>\n","protected":false},"excerpt":{"rendered":"<p>En internaci\u00f3n provisoria quedaron dos adolescentes de 14 y 16 a\u00f1os luego de ser formalizados por robo con violencia. Los hechos ocurrieron en el centro de La Serena, tras una brutal agresi\u00f3n filmada y difundida en redes sociales. El video muestra c\u00f3mo la v\u00edctima fue golpeada repetidamente, incluso cuando ya estaba en el suelo. El [&hellip;]<\/p>\n","protected":false},"author":2,"featured_media":21145,"comment_status":"closed","ping_status":"open","sticky":false,"template":"","format":"standard","meta":{"_jetpack_memberships_contains_paid_content":false,"jnews-multi-image_gallery":[],"jnews_single_post":[],"jnews_primary_category":[],"jnews_social_meta":[],"jnews_paywall_metabox":[],"jnews_review":[],"enable_review":"","type":"","name":"","summary":"","brand":"","sku":"","good":[],"bad":[],"score_override":"","override_value":"","rating":[],"price":[],"jnews_override_counter":[],"jnews_post_split":[],"footnotes":""},"categories":[21],"tags":[],"class_list":["post-21146","post","type-post","status-publish","format-standard","has-post-thumbnail","hentry","category-nacional"],"jetpack_featured_media_url":"https:\/\/laserenaradio.cl\/web\/wp-content\/uploads\/2025\/11\/homepiaiextractoscrapimg_predeterminadalaserenaradio_nacional-42.webp","jetpack_sharing_enabled":true,"_links":{"self":[{"href":"https:\/\/laserenaradio.cl\/web\/wp-json\/wp\/v2\/posts\/21146","targetHints":{"allow":["GET"]}}],"collection":[{"href":"https:\/\/laserenaradio.cl\/web\/wp-json\/wp\/v2\/posts"}],"about":[{"href":"https:\/\/laserenaradio.cl\/web\/wp-json\/wp\/v2\/types\/post"}],"author":[{"embeddable":true,"href":"https:\/\/laserenaradio.cl\/web\/wp-json\/wp\/v2\/users\/2"}],"replies":[{"embeddable":true,"href":"https:\/\/laserenaradio.cl\/web\/wp-json\/wp\/v2\/comments?post=21146"}],"version-history":[{"count":1,"href":"https:\/\/laserenaradio.cl\/web\/wp-json\/wp\/v2\/posts\/21146\/revisions"}],"predecessor-version":[{"id":21147,"href":"https:\/\/laserenaradio.cl\/web\/wp-json\/wp\/v2\/posts\/21146\/revisions\/21147"}],"wp:featuredmedia":[{"embeddable":true,"href":"https:\/\/laserenaradio.cl\/web\/wp-json\/wp\/v2\/media\/21145"}],"wp:attachment":[{"href":"https:\/\/laserenaradio.cl\/web\/wp-json\/wp\/v2\/media?parent=21146"}],"wp:term":[{"taxonomy":"category","embeddable":true,"href":"https:\/\/laserenaradio.cl\/web\/wp-json\/wp\/v2\/categories?post=21146"},{"taxonomy":"post_tag","embeddable":true,"href":"https:\/\/laserenaradio.cl\/web\/wp-json\/wp\/v2\/tags?post=21146"}],"curies":[{"name":"wp","href":"https:\/\/api.w.org\/{rel}","templated":true}]}}