{"id":21143,"date":"2025-11-23T13:24:24","date_gmt":"2025-11-23T16:24:24","guid":{"rendered":"https:\/\/laserenaradio.cl\/web\/?p=21143"},"modified":"2025-11-23T13:24:24","modified_gmt":"2025-11-23T16:24:24","slug":"guardaparques-de-conaf-en-magallanes-no-somos-los-culpables","status":"publish","type":"post","link":"https:\/\/laserenaradio.cl\/web\/2025\/11\/23\/guardaparques-de-conaf-en-magallanes-no-somos-los-culpables\/","title":{"rendered":"Guardaparques de Conaf en Magallanes: &#8220;No somos los culpables&#8221;"},"content":{"rendered":"<p>Tras la tragedia ocurrida en el Parque Nacional Torres del Paine durante el pasado lunes 17 de noviembre con el fallecimiento de cinco turistas, el Sindicato de Trabajadores de Conaf en Magallanes afirm\u00f3 que los guardaparques no son responsables y que el problema se debe a la falta hist\u00f3rica de presupuesto y personal. El secretario del sindicato, Juan Romero, se\u00f1al\u00f3 a La Radio que la alerta meteorol\u00f3gica de <a href=\"http:\/\/www.senapred.cl\">Senapred<\/a> fue gen\u00e9rica y que no indicaba condiciones extremas para el cierre de senderos.<\/p>\n<p>Asimismo, asegur\u00f3 que se ha intentado responsabilizar injustamente a los trabajadores de Conaf. &#8220;Ac\u00e1 se ha estigmatizado a los guardaparques, a los funcionarios de Conaf, sobre todo a la gente que est\u00e1 en monta\u00f1a\u2026 como que no est\u00e1n haciendo la pega, no est\u00e1n en sus puestos de trabajo y aqu\u00ed hay una gran responsabilidad de parte de ellos. Exculparlos, porque ac\u00e1 es un tema mayor y que tiene que ver con lo presupuestario&#8221;, se\u00f1al\u00f3.<\/p>\n<p>El dirigente tambi\u00e9n denunci\u00f3 presiones externas que dificultan tomar decisiones preventivas. Seg\u00fan Romero, esto ocurre porque cuando Conaf quiere cerrar un sendero, algunos operadores tur\u00edsticos presionan para evitarlo.<\/p>\n<p>Romero llam\u00f3 a que la investigaci\u00f3n apunte tambi\u00e9n a las autoridades que definen el presupuesto y pidi\u00f3 que citen al ministro de Hacienda y al director de Presupuestos. Quien indica, son quienes distribuyen los escasos recursos. De lo contrario, advierte, esta situaci\u00f3n podr\u00eda repetirse.<\/p>\n<p>La falta de personal, la falta de presupuesto para operar es hist\u00f3rica la decadencia. A\u00f1o tras a\u00f1o ha ido disminuyendo el presupuesto. Todos tenemos que sacar lecciones, nosotros como instituci\u00f3n, las autoridades que son tan responsables como los que dan las alertas y hacer un llamado general al autocuidado.<\/p>\n<p>Si yo veo que estoy en un campamento de monta\u00f1a, est\u00e1 nevando, hay vientos huracanados, bajas temperaturas, el sendero no se ve, escasa visibilidad, \u00bfpara qu\u00e9 arriesgarme? (\u2026) La gente sigui\u00f3 igual, algunos regresaron y otros, bueno, no regresaron.<\/p>\n","protected":false},"excerpt":{"rendered":"<p>Tras la tragedia ocurrida en el Parque Nacional Torres del Paine durante el pasado lunes 17 de noviembre con el fallecimiento de cinco turistas, el Sindicato de Trabajadores de Conaf en Magallanes afirm\u00f3 que los guardaparques no son responsables y que el problema se debe a la falta hist\u00f3rica de presupuesto y personal. El secretario [&hellip;]<\/p>\n","protected":false},"author":2,"featured_media":21142,"comment_status":"closed","ping_status":"open","sticky":false,"template":"","format":"standard","meta":{"_jetpack_memberships_contains_paid_content":false,"jnews-multi-image_gallery":[],"jnews_single_post":[],"jnews_primary_category":[],"jnews_social_meta":[],"jnews_paywall_metabox":[],"jnews_review":[],"enable_review":"","type":"","name":"","summary":"","brand":"","sku":"","good":[],"bad":[],"score_override":"","override_value":"","rating":[],"price":[],"jnews_override_counter":[],"jnews_post_split":[],"footnotes":""},"categories":[21],"tags":[],"class_list":["post-21143","post","type-post","status-publish","format-standard","has-post-thumbnail","hentry","category-nacional"],"jetpack_featured_media_url":"https:\/\/laserenaradio.cl\/web\/wp-content\/uploads\/2025\/11\/homepiaiextractoscrapimg_webpConafpresupuestosonfalta_1.webp","jetpack_sharing_enabled":true,"_links":{"self":[{"href":"https:\/\/laserenaradio.cl\/web\/wp-json\/wp\/v2\/posts\/21143","targetHints":{"allow":["GET"]}}],"collection":[{"href":"https:\/\/laserenaradio.cl\/web\/wp-json\/wp\/v2\/posts"}],"about":[{"href":"https:\/\/laserenaradio.cl\/web\/wp-json\/wp\/v2\/types\/post"}],"author":[{"embeddable":true,"href":"https:\/\/laserenaradio.cl\/web\/wp-json\/wp\/v2\/users\/2"}],"replies":[{"embeddable":true,"href":"https:\/\/laserenaradio.cl\/web\/wp-json\/wp\/v2\/comments?post=21143"}],"version-history":[{"count":1,"href":"https:\/\/laserenaradio.cl\/web\/wp-json\/wp\/v2\/posts\/21143\/revisions"}],"predecessor-version":[{"id":21144,"href":"https:\/\/laserenaradio.cl\/web\/wp-json\/wp\/v2\/posts\/21143\/revisions\/21144"}],"wp:featuredmedia":[{"embeddable":true,"href":"https:\/\/laserenaradio.cl\/web\/wp-json\/wp\/v2\/media\/21142"}],"wp:attachment":[{"href":"https:\/\/laserenaradio.cl\/web\/wp-json\/wp\/v2\/media?parent=21143"}],"wp:term":[{"taxonomy":"category","embeddable":true,"href":"https:\/\/laserenaradio.cl\/web\/wp-json\/wp\/v2\/categories?post=21143"},{"taxonomy":"post_tag","embeddable":true,"href":"https:\/\/laserenaradio.cl\/web\/wp-json\/wp\/v2\/tags?post=21143"}],"curies":[{"name":"wp","href":"https:\/\/api.w.org\/{rel}","templated":true}]}}