{"id":21121,"date":"2025-11-22T14:35:59","date_gmt":"2025-11-22T17:35:59","guid":{"rendered":"https:\/\/laserenaradio.cl\/web\/?p=21121"},"modified":"2025-11-22T14:35:59","modified_gmt":"2025-11-22T17:35:59","slug":"vuelo-a-la-serena-cancelado-por-exceso-de-peso-y-mal-tiempo-en-calama","status":"publish","type":"post","link":"https:\/\/laserenaradio.cl\/web\/2025\/11\/22\/vuelo-a-la-serena-cancelado-por-exceso-de-peso-y-mal-tiempo-en-calama\/","title":{"rendered":"Vuelo a La Serena cancelado por exceso de peso y mal tiempo en Calama"},"content":{"rendered":"<p>Los pasajeros de JetSmart experimentaron una incomoda situaci\u00f3n en el Aeropuerto El Loa, Calama, debido a un exceso de peso que oblig\u00f3 al capit\u00e1n a pedir el descenso del vuelo con 40 personas. <\/p>\n<p>El piloto comunic\u00f3 a los pasajeros la necesidad t\u00e9cnica de bajar gente para continuar el viaje, lo que qued\u00f3 capturado en un video compartido por Radio Antofagasta Online.<\/p>\n<p>Indemnizaciones se ofrecer\u00e1n a quienes decidan descender y quedarse en un hotel, a\u00f1adi\u00f3 el profesional. <\/p>\n<p>El avi\u00f3n deb\u00eda despegar antes de que cambie el viento, previsto para las 2 de la tarde, del este al oeste. <\/p>\n<p>Durante la preparaci\u00f3n para el vuelo JA135 desde Calama a La Serena, se identificaron restricciones operacionales y condiciones meteorol\u00f3gicas adversas en El Loa.<\/p>\n<p>JetSmart explic\u00f3 que opera con complejidades adicionales en Calama debido a la altitud del aeropuerto, cerros cercanos y patrones de viento variables. <\/p>\n<p>Las previsiones permit\u00edan operar el vuelo con ciertas limitaciones de peso, pero los vientos aumentaron m\u00e1s de lo esperado al momento de la salida.<\/p>\n<p>En tal escenario, siguiendo procedimientos establecidos y considerando la seguridad, se solicit\u00f3 inicialmente el descenso de pasajeros. <\/p>\n<p>Finalmente, optaron por desembarcar a todos y esperar mejoras en las condiciones del viento para operar dentro de los par\u00e1metros requeridos.<\/p>\n<p>Los pasajeros recibieron alimentaci\u00f3n mientras se monitorizaban continuamente las condiciones operacionales hasta que la pista estuvo segura. <\/p>\n<p>El vuelo, con todos los pasajeros originales, despeg\u00f3 3 horas y 39 minutos despu\u00e9s, reafirmando la prioridad de seguridad en todas las operaciones a\u00e9reas de JetSmart.<\/p>\n","protected":false},"excerpt":{"rendered":"<p>Los pasajeros de JetSmart experimentaron una incomoda situaci\u00f3n en el Aeropuerto El Loa, Calama, debido a un exceso de peso que oblig\u00f3 al capit\u00e1n a pedir el descenso del vuelo con 40 personas. El piloto comunic\u00f3 a los pasajeros la necesidad t\u00e9cnica de bajar gente para continuar el viaje, lo que qued\u00f3 capturado en un [&hellip;]<\/p>\n","protected":false},"author":2,"featured_media":21120,"comment_status":"closed","ping_status":"open","sticky":false,"template":"","format":"standard","meta":{"_jetpack_memberships_contains_paid_content":false,"jnews-multi-image_gallery":[],"jnews_single_post":[],"jnews_primary_category":[],"jnews_social_meta":[],"jnews_paywall_metabox":[],"jnews_review":[],"enable_review":"","type":"","name":"","summary":"","brand":"","sku":"","good":[],"bad":[],"score_override":"","override_value":"","rating":[],"price":[],"jnews_override_counter":[],"jnews_post_split":[],"footnotes":""},"categories":[21],"tags":[],"class_list":["post-21121","post","type-post","status-publish","format-standard","has-post-thumbnail","hentry","category-nacional"],"jetpack_featured_media_url":"https:\/\/laserenaradio.cl\/web\/wp-content\/uploads\/2025\/11\/homepiaiextractoscrapimg_predeterminadalaserenaradio_nacional-41.webp","jetpack_sharing_enabled":true,"_links":{"self":[{"href":"https:\/\/laserenaradio.cl\/web\/wp-json\/wp\/v2\/posts\/21121","targetHints":{"allow":["GET"]}}],"collection":[{"href":"https:\/\/laserenaradio.cl\/web\/wp-json\/wp\/v2\/posts"}],"about":[{"href":"https:\/\/laserenaradio.cl\/web\/wp-json\/wp\/v2\/types\/post"}],"author":[{"embeddable":true,"href":"https:\/\/laserenaradio.cl\/web\/wp-json\/wp\/v2\/users\/2"}],"replies":[{"embeddable":true,"href":"https:\/\/laserenaradio.cl\/web\/wp-json\/wp\/v2\/comments?post=21121"}],"version-history":[{"count":1,"href":"https:\/\/laserenaradio.cl\/web\/wp-json\/wp\/v2\/posts\/21121\/revisions"}],"predecessor-version":[{"id":21122,"href":"https:\/\/laserenaradio.cl\/web\/wp-json\/wp\/v2\/posts\/21121\/revisions\/21122"}],"wp:featuredmedia":[{"embeddable":true,"href":"https:\/\/laserenaradio.cl\/web\/wp-json\/wp\/v2\/media\/21120"}],"wp:attachment":[{"href":"https:\/\/laserenaradio.cl\/web\/wp-json\/wp\/v2\/media?parent=21121"}],"wp:term":[{"taxonomy":"category","embeddable":true,"href":"https:\/\/laserenaradio.cl\/web\/wp-json\/wp\/v2\/categories?post=21121"},{"taxonomy":"post_tag","embeddable":true,"href":"https:\/\/laserenaradio.cl\/web\/wp-json\/wp\/v2\/tags?post=21121"}],"curies":[{"name":"wp","href":"https:\/\/api.w.org\/{rel}","templated":true}]}}