{"id":21109,"date":"2025-11-21T23:17:16","date_gmt":"2025-11-22T02:17:16","guid":{"rendered":"https:\/\/laserenaradio.cl\/web\/?p=21109"},"modified":"2025-11-21T23:17:16","modified_gmt":"2025-11-22T02:17:16","slug":"condena-a-carcel-a-un-hombre-por-almacenamiento-de-material-pornografico-infantil-y-agresion-policial","status":"publish","type":"post","link":"https:\/\/laserenaradio.cl\/web\/2025\/11\/21\/condena-a-carcel-a-un-hombre-por-almacenamiento-de-material-pornografico-infantil-y-agresion-policial\/","title":{"rendered":"Condena a c\u00e1rcel a un hombre por almacenamiento de material pornogr\u00e1fico infantil y agresi\u00f3n policial."},"content":{"rendered":"<p>La <a href=\"https:\/\/www.fiscaliadechile.cl\/\">Fiscal\u00eda<\/a> Local de Copiap\u00f3 obtuvo una sentencia efectiva de c\u00e1rcel contra Andr\u00e9s Florez Uribe, detenido e investigado por almacenar material pornogr\u00e1fico infantil. Adem\u00e1s, el imputado ser\u00e1 sancionado por agredir a personal de la Polic\u00eda de Investigaciones (<a href=\"https:\/\/www.pdichile.cl\/\">PDI<\/a>).<\/p>\n<p>Frente a este hecho, el acusado se abalanz\u00f3 en contra de los funcionarios que concretaban su detenci\u00f3n, causando lesiones en los polic\u00edas. El fiscal jefe Christian Gonz\u00e1lez Carriel indic\u00f3 que \u201cfrente a este episodio, la <a href=\"https:\/\/www.fiscaliadechile.cl\/\">Fiscal\u00eda<\/a> continu\u00f3 con las diligencias investigativas junto a detectives de la Brisex de la <a href=\"https:\/\/www.pdichile.cl\/\">PDI<\/a>, pudiendo reunir evidencia que fue presentada ante la Tercera Sala del Tribunal Oral de Copiap\u00f3\u201d.<\/p>\n<p>A partir de estas pruebas, los jueces condenaron por unanimidad a Florez Uribe como autor del delito. El condenado ser\u00e1 encarcelado durante 541 d\u00edas, adem\u00e1s de cumplir dos penas de 100 d\u00edas cada una por maltrato de obra a personal de la <a href=\"https:\/\/www.pdichile.cl\/\">PDI<\/a>.<\/p>\n<p>En total, el condenado deber\u00e1 cumplir una sanci\u00f3n de 150 d\u00edas por la agresi\u00f3n a uno de los funcionarios que adoptaban el procedimiento. La <a href=\"https:\/\/www.fiscaliadechile.cl\/\">Fiscal\u00eda<\/a> solicit\u00f3 al Tribunal imponer en la misma audiencia la prisi\u00f3n preventiva para asegurar el cumplimiento de las penas impuestas, lo cual fue acogido por los jueces.<\/p>\n<p>Cabe destacar que Florez se encontraba en libertad cumpliendo medidas cautelares al momento del inicio de la audiencia de Juicio Oral.<\/p>\n","protected":false},"excerpt":{"rendered":"<p>La Fiscal\u00eda Local de Copiap\u00f3 obtuvo una sentencia efectiva de c\u00e1rcel contra Andr\u00e9s Florez Uribe, detenido e investigado por almacenar material pornogr\u00e1fico infantil. Adem\u00e1s, el imputado ser\u00e1 sancionado por agredir a personal de la Polic\u00eda de Investigaciones (PDI). Frente a este hecho, el acusado se abalanz\u00f3 en contra de los funcionarios que concretaban su detenci\u00f3n, [&hellip;]<\/p>\n","protected":false},"author":2,"featured_media":21108,"comment_status":"closed","ping_status":"open","sticky":false,"template":"","format":"standard","meta":{"_jetpack_memberships_contains_paid_content":false,"jnews-multi-image_gallery":[],"jnews_single_post":[],"jnews_primary_category":[],"jnews_social_meta":[],"jnews_paywall_metabox":[],"jnews_review":[],"enable_review":"","type":"","name":"","summary":"","brand":"","sku":"","good":[],"bad":[],"score_override":"","override_value":"","rating":[],"price":[],"jnews_override_counter":[],"jnews_post_split":[],"footnotes":""},"categories":[21],"tags":[],"class_list":["post-21109","post","type-post","status-publish","format-standard","has-post-thumbnail","hentry","category-nacional"],"jetpack_featured_media_url":"https:\/\/laserenaradio.cl\/web\/wp-content\/uploads\/2025\/11\/homepiaiextractoscrapimg_webpCondenafiscaliadechile_0.webp","jetpack_sharing_enabled":true,"_links":{"self":[{"href":"https:\/\/laserenaradio.cl\/web\/wp-json\/wp\/v2\/posts\/21109","targetHints":{"allow":["GET"]}}],"collection":[{"href":"https:\/\/laserenaradio.cl\/web\/wp-json\/wp\/v2\/posts"}],"about":[{"href":"https:\/\/laserenaradio.cl\/web\/wp-json\/wp\/v2\/types\/post"}],"author":[{"embeddable":true,"href":"https:\/\/laserenaradio.cl\/web\/wp-json\/wp\/v2\/users\/2"}],"replies":[{"embeddable":true,"href":"https:\/\/laserenaradio.cl\/web\/wp-json\/wp\/v2\/comments?post=21109"}],"version-history":[{"count":1,"href":"https:\/\/laserenaradio.cl\/web\/wp-json\/wp\/v2\/posts\/21109\/revisions"}],"predecessor-version":[{"id":21110,"href":"https:\/\/laserenaradio.cl\/web\/wp-json\/wp\/v2\/posts\/21109\/revisions\/21110"}],"wp:featuredmedia":[{"embeddable":true,"href":"https:\/\/laserenaradio.cl\/web\/wp-json\/wp\/v2\/media\/21108"}],"wp:attachment":[{"href":"https:\/\/laserenaradio.cl\/web\/wp-json\/wp\/v2\/media?parent=21109"}],"wp:term":[{"taxonomy":"category","embeddable":true,"href":"https:\/\/laserenaradio.cl\/web\/wp-json\/wp\/v2\/categories?post=21109"},{"taxonomy":"post_tag","embeddable":true,"href":"https:\/\/laserenaradio.cl\/web\/wp-json\/wp\/v2\/tags?post=21109"}],"curies":[{"name":"wp","href":"https:\/\/api.w.org\/{rel}","templated":true}]}}