{"id":21091,"date":"2025-11-20T23:17:22","date_gmt":"2025-11-21T02:17:22","guid":{"rendered":"https:\/\/laserenaradio.cl\/web\/?p=21091"},"modified":"2025-11-20T23:17:22","modified_gmt":"2025-11-21T02:17:22","slug":"camila-polizzi-busca-recuperar-arresto-domiciliario","status":"publish","type":"post","link":"https:\/\/laserenaradio.cl\/web\/2025\/11\/20\/camila-polizzi-busca-recuperar-arresto-domiciliario\/","title":{"rendered":"Camila Polizzi busca recuperar arresto domiciliario."},"content":{"rendered":"<p>Camila Polizzi buscar\u00e1 recuperar el arresto domiciliario nocturno a trav\u00e9s de un recurso de amparo, otorgado anteriormente por el Juzgado de Garant\u00eda de Concepci\u00f3n. Esta medida fue revocada posteriormente por la Corte de Apelaciones penquista.<\/p>\n<p>La acusada en el caso Convenios espera que su recurso sea acogido y subraya la necesidad de poder trabajar para sostener a su familia, tras llevar 2 a\u00f1os con arresto domiciliario total desde su formalizaci\u00f3n.<\/p>\n<p>Fue el 3 de noviembre cuando Polizzi recuper\u00f3 parcialmente su libertad, al contar con un arresto domiciliario nocturno. Sin embargo, poco dur\u00f3 esa semilibertad ya que la Corte de Apelaciones revoc\u00f3 la medida, al acoger sendos recursos presentados por la <a href=\"https:\/\/www.fiscaliadechile.cl\/\">Fiscal\u00eda<\/a> y el Consejo de Defensa del Estado.<\/p>\n<p>El abogado defensor Francisco Garc\u00eda afirm\u00f3 que la cautelar es exagerada y que no se puede convertir en una condena a priori. Adem\u00e1s, Polizzi menciona tener dos hijas que dependen de sus ingresos.<\/p>\n<p>Ser\u00e1 la Corte de Apelaciones de Chill\u00e1n quien tenga la \u00faltima palabra sobre el recurso de amparo presentado por Camila Polizzi. Se ha denunciado que los ministros involucrados no entregaron los motivos correspondientes, como lo exige la ley.<\/p>\n<p>Se espera que se resuelva el recurso entre el s\u00e1bado o el pr\u00f3ximo lunes, determinando bajo qu\u00e9 cautelar deber\u00e1 esperar Polizzi el juicio por estafa que le imputa el Ministerio P\u00fablico.<\/p>\n","protected":false},"excerpt":{"rendered":"<p>Camila Polizzi buscar\u00e1 recuperar el arresto domiciliario nocturno a trav\u00e9s de un recurso de amparo, otorgado anteriormente por el Juzgado de Garant\u00eda de Concepci\u00f3n. Esta medida fue revocada posteriormente por la Corte de Apelaciones penquista. La acusada en el caso Convenios espera que su recurso sea acogido y subraya la necesidad de poder trabajar para [&hellip;]<\/p>\n","protected":false},"author":2,"featured_media":21090,"comment_status":"closed","ping_status":"open","sticky":false,"template":"","format":"standard","meta":{"_jetpack_memberships_contains_paid_content":false,"jnews-multi-image_gallery":[],"jnews_single_post":[],"jnews_primary_category":[],"jnews_social_meta":[],"jnews_paywall_metabox":[],"jnews_review":[],"enable_review":"","type":"","name":"","summary":"","brand":"","sku":"","good":[],"bad":[],"score_override":"","override_value":"","rating":[],"price":[],"jnews_override_counter":[],"jnews_post_split":[],"footnotes":""},"categories":[21],"tags":[],"class_list":["post-21091","post","type-post","status-publish","format-standard","has-post-thumbnail","hentry","category-nacional"],"jetpack_featured_media_url":"https:\/\/laserenaradio.cl\/web\/wp-content\/uploads\/2025\/11\/homepiaiextractoscrapimg_webparrestodomiciliariorecursoCamilaPolizzi_1.webp","jetpack_sharing_enabled":true,"_links":{"self":[{"href":"https:\/\/laserenaradio.cl\/web\/wp-json\/wp\/v2\/posts\/21091","targetHints":{"allow":["GET"]}}],"collection":[{"href":"https:\/\/laserenaradio.cl\/web\/wp-json\/wp\/v2\/posts"}],"about":[{"href":"https:\/\/laserenaradio.cl\/web\/wp-json\/wp\/v2\/types\/post"}],"author":[{"embeddable":true,"href":"https:\/\/laserenaradio.cl\/web\/wp-json\/wp\/v2\/users\/2"}],"replies":[{"embeddable":true,"href":"https:\/\/laserenaradio.cl\/web\/wp-json\/wp\/v2\/comments?post=21091"}],"version-history":[{"count":1,"href":"https:\/\/laserenaradio.cl\/web\/wp-json\/wp\/v2\/posts\/21091\/revisions"}],"predecessor-version":[{"id":21092,"href":"https:\/\/laserenaradio.cl\/web\/wp-json\/wp\/v2\/posts\/21091\/revisions\/21092"}],"wp:featuredmedia":[{"embeddable":true,"href":"https:\/\/laserenaradio.cl\/web\/wp-json\/wp\/v2\/media\/21090"}],"wp:attachment":[{"href":"https:\/\/laserenaradio.cl\/web\/wp-json\/wp\/v2\/media?parent=21091"}],"wp:term":[{"taxonomy":"category","embeddable":true,"href":"https:\/\/laserenaradio.cl\/web\/wp-json\/wp\/v2\/categories?post=21091"},{"taxonomy":"post_tag","embeddable":true,"href":"https:\/\/laserenaradio.cl\/web\/wp-json\/wp\/v2\/tags?post=21091"}],"curies":[{"name":"wp","href":"https:\/\/api.w.org\/{rel}","templated":true}]}}