{"id":21088,"date":"2025-11-20T23:14:19","date_gmt":"2025-11-21T02:14:19","guid":{"rendered":"https:\/\/laserenaradio.cl\/web\/?p=21088"},"modified":"2025-11-20T23:14:19","modified_gmt":"2025-11-21T02:14:19","slug":"coca-cola-confirma-fechas-de-la-caravana-navidena-2025","status":"publish","type":"post","link":"https:\/\/laserenaradio.cl\/web\/2025\/11\/20\/coca-cola-confirma-fechas-de-la-caravana-navidena-2025\/","title":{"rendered":"Coca Cola confirma fechas de la caravana Navide\u00f1a 2025"},"content":{"rendered":"<p>Recientemente, la empresa Coca Cola confirm\u00f3 las fechas de la cl\u00e1sica caravana navide\u00f1a en su edici\u00f3n 2025, detallando las comunas por las que pasar\u00e1.<\/p>\n<p>Se trata de un evento gratuito que ya es tradici\u00f3n en las fiestas navide\u00f1as y que consiste en un recorrido del Viejito Pascuero, acompa\u00f1ado de sus ayudantes y otros personajes, como elfos y cascanueces.<\/p>\n<p>Santa Claus se transportar\u00e1 por las ciudades del pa\u00eds junto a una caravana de seis camiones de la reconocida marca de bebidas, adornados con decoraciones, m\u00fasica y luces.<\/p>\n<p>Seg\u00fan las fechas proporcionadas hasta el momento por la empresa, la caravana Navide\u00f1a de Cola-Cola Zero Az\u00facar har\u00e1 su recorrido entre el 1 y el 20 de diciembre, visitando localidades de 7 regiones del pa\u00eds. <\/p>\n<p>La gira iniciar\u00e1 desde el sur, en Puerto Montt, y de a poco ir\u00e1 traslad\u00e1ndose hacia el norte. El \u00faltimo recorrido est\u00e1 agendado para el s\u00e1bado 20 de diciembre en Coquimbo.<\/p>\n<p>All\u00ed est\u00e1 contemplado que el cierre est\u00e9 acompa\u00f1ado de un show de drones en La Pampilla, agendado para las 23:00 horas.<\/p>\n<p>Cada uno de los recorridos empezar\u00e1 a las 20:00 horas. El recorrido que seguir\u00e1 en cada ciudad ser\u00e1 informado oportunamente en las redes sociales de Coca Cola.<\/p>\n<p>Por el momento solo se conoce el de Puerto Montt.<\/p>\n","protected":false},"excerpt":{"rendered":"<p>Recientemente, la empresa Coca Cola confirm\u00f3 las fechas de la cl\u00e1sica caravana navide\u00f1a en su edici\u00f3n 2025, detallando las comunas por las que pasar\u00e1. Se trata de un evento gratuito que ya es tradici\u00f3n en las fiestas navide\u00f1as y que consiste en un recorrido del Viejito Pascuero, acompa\u00f1ado de sus ayudantes y otros personajes, como [&hellip;]<\/p>\n","protected":false},"author":2,"featured_media":21087,"comment_status":"closed","ping_status":"open","sticky":false,"template":"","format":"standard","meta":{"_jetpack_memberships_contains_paid_content":false,"jnews-multi-image_gallery":[],"jnews_single_post":[],"jnews_primary_category":[],"jnews_social_meta":[],"jnews_paywall_metabox":[],"jnews_review":[],"enable_review":"","type":"","name":"","summary":"","brand":"","sku":"","good":[],"bad":[],"score_override":"","override_value":"","rating":[],"price":[],"jnews_override_counter":[],"jnews_post_split":[],"footnotes":""},"categories":[21],"tags":[],"class_list":["post-21088","post","type-post","status-publish","format-standard","has-post-thumbnail","hentry","category-nacional"],"jetpack_featured_media_url":"https:\/\/laserenaradio.cl\/web\/wp-content\/uploads\/2025\/11\/homepiaiextractoscrapimg_webpcaravanarecorridoCocaColafechas_1.webp","jetpack_sharing_enabled":true,"_links":{"self":[{"href":"https:\/\/laserenaradio.cl\/web\/wp-json\/wp\/v2\/posts\/21088","targetHints":{"allow":["GET"]}}],"collection":[{"href":"https:\/\/laserenaradio.cl\/web\/wp-json\/wp\/v2\/posts"}],"about":[{"href":"https:\/\/laserenaradio.cl\/web\/wp-json\/wp\/v2\/types\/post"}],"author":[{"embeddable":true,"href":"https:\/\/laserenaradio.cl\/web\/wp-json\/wp\/v2\/users\/2"}],"replies":[{"embeddable":true,"href":"https:\/\/laserenaradio.cl\/web\/wp-json\/wp\/v2\/comments?post=21088"}],"version-history":[{"count":1,"href":"https:\/\/laserenaradio.cl\/web\/wp-json\/wp\/v2\/posts\/21088\/revisions"}],"predecessor-version":[{"id":21089,"href":"https:\/\/laserenaradio.cl\/web\/wp-json\/wp\/v2\/posts\/21088\/revisions\/21089"}],"wp:featuredmedia":[{"embeddable":true,"href":"https:\/\/laserenaradio.cl\/web\/wp-json\/wp\/v2\/media\/21087"}],"wp:attachment":[{"href":"https:\/\/laserenaradio.cl\/web\/wp-json\/wp\/v2\/media?parent=21088"}],"wp:term":[{"taxonomy":"category","embeddable":true,"href":"https:\/\/laserenaradio.cl\/web\/wp-json\/wp\/v2\/categories?post=21088"},{"taxonomy":"post_tag","embeddable":true,"href":"https:\/\/laserenaradio.cl\/web\/wp-json\/wp\/v2\/tags?post=21088"}],"curies":[{"name":"wp","href":"https:\/\/api.w.org\/{rel}","templated":true}]}}