{"id":21070,"date":"2025-11-20T15:06:21","date_gmt":"2025-11-20T18:06:21","guid":{"rendered":"https:\/\/laserenaradio.cl\/web\/?p=21070"},"modified":"2025-11-20T15:06:21","modified_gmt":"2025-11-20T18:06:21","slug":"la-sec-advierte-sobre-la-venta-de-adornos-navidenos-no-certificados","status":"publish","type":"post","link":"https:\/\/laserenaradio.cl\/web\/2025\/11\/20\/la-sec-advierte-sobre-la-venta-de-adornos-navidenos-no-certificados\/","title":{"rendered":"La SEC advierte sobre la venta de adornos navide\u00f1os no certificados."},"content":{"rendered":"<p>Como cada a\u00f1o, en este periodo del a\u00f1o comenz\u00f3 la venta de luces, guirnaldas y adornos navide\u00f1os. Ante ello, la Superintendencia de Electricidad y Combustibles (SEC) remarc\u00f3 su llamado a comprar \u00fanicamente los productos que cuentan con certificaci\u00f3n para evitar problemas como corto circuitos, electrocuciones y hasta incendios en las casas.<\/p>\n<p>El regulador comunic\u00f3 que estar\u00e1 realizando un plan de fiscalizaci\u00f3n en el comercio para verificar que los adornos navide\u00f1os tengan su respectivo Sello SEC, etiqueta que valida la seguridad de dichos art\u00edculos. Seg\u00fan cifras de la SEC, durante lo que va de 2025 se han certificado 545.067 unidades de guirnaldas navide\u00f1as, superando en un 5% a las 518.934 que se sometieron al proceso en el mismo per\u00edodo del a\u00f1o anterior.<\/p>\n<p>Del mismo modo, y como resultado de las fiscalizaciones, en lo que va de este 2025 se han fiscalizado y formulado cargos a 25 empresas importadoras que ingresaron al pa\u00eds m\u00e1s de 122 mil kilogramos (m\u00e1s de 600.000 unidades) de guirnaldas sin certificar.<\/p>\n<p>En cuanto a los puntos de venta, a nivel nacional, durante este 2025 se han formulado cargos a 16 establecimientos que comercializaban guirnaldas luminosas sin cumplir con la normativa legal vigente. Respecto a las fiscalizaciones realizadas este a\u00f1o 2025, hasta ahora se han aplicado multas por 270 UTM ($18.776.340), habiendo muchos procesos sancionatorios en curso actualmente.<\/p>\n<p>Cabe destacar que la obligaci\u00f3n de certificar, y por tanto de tener Sello SEC, es s\u00f3lo para las guirnaldas navide\u00f1as que se conectan a la red el\u00e9ctrica; por lo que las luces que funcionan con pilas o las denominadas \u2018solares\u2019 no requieren esta certificaci\u00f3n.<\/p>\n","protected":false},"excerpt":{"rendered":"<p>Como cada a\u00f1o, en este periodo del a\u00f1o comenz\u00f3 la venta de luces, guirnaldas y adornos navide\u00f1os. Ante ello, la Superintendencia de Electricidad y Combustibles (SEC) remarc\u00f3 su llamado a comprar \u00fanicamente los productos que cuentan con certificaci\u00f3n para evitar problemas como corto circuitos, electrocuciones y hasta incendios en las casas. El regulador comunic\u00f3 que [&hellip;]<\/p>\n","protected":false},"author":2,"featured_media":21069,"comment_status":"closed","ping_status":"open","sticky":false,"template":"","format":"standard","meta":{"_jetpack_memberships_contains_paid_content":false,"jnews-multi-image_gallery":[],"jnews_single_post":[],"jnews_primary_category":[],"jnews_social_meta":[],"jnews_paywall_metabox":[],"jnews_review":[],"enable_review":"","type":"","name":"","summary":"","brand":"","sku":"","good":[],"bad":[],"score_override":"","override_value":"","rating":[],"price":[],"jnews_override_counter":[],"jnews_post_split":[],"footnotes":""},"categories":[21],"tags":[],"class_list":["post-21070","post","type-post","status-publish","format-standard","has-post-thumbnail","hentry","category-nacional"],"jetpack_featured_media_url":"https:\/\/laserenaradio.cl\/web\/wp-content\/uploads\/2025\/11\/homepiaiextractoscrapimg_webpventaadornosluces_1.webp","jetpack_sharing_enabled":true,"_links":{"self":[{"href":"https:\/\/laserenaradio.cl\/web\/wp-json\/wp\/v2\/posts\/21070","targetHints":{"allow":["GET"]}}],"collection":[{"href":"https:\/\/laserenaradio.cl\/web\/wp-json\/wp\/v2\/posts"}],"about":[{"href":"https:\/\/laserenaradio.cl\/web\/wp-json\/wp\/v2\/types\/post"}],"author":[{"embeddable":true,"href":"https:\/\/laserenaradio.cl\/web\/wp-json\/wp\/v2\/users\/2"}],"replies":[{"embeddable":true,"href":"https:\/\/laserenaradio.cl\/web\/wp-json\/wp\/v2\/comments?post=21070"}],"version-history":[{"count":1,"href":"https:\/\/laserenaradio.cl\/web\/wp-json\/wp\/v2\/posts\/21070\/revisions"}],"predecessor-version":[{"id":21071,"href":"https:\/\/laserenaradio.cl\/web\/wp-json\/wp\/v2\/posts\/21070\/revisions\/21071"}],"wp:featuredmedia":[{"embeddable":true,"href":"https:\/\/laserenaradio.cl\/web\/wp-json\/wp\/v2\/media\/21069"}],"wp:attachment":[{"href":"https:\/\/laserenaradio.cl\/web\/wp-json\/wp\/v2\/media?parent=21070"}],"wp:term":[{"taxonomy":"category","embeddable":true,"href":"https:\/\/laserenaradio.cl\/web\/wp-json\/wp\/v2\/categories?post=21070"},{"taxonomy":"post_tag","embeddable":true,"href":"https:\/\/laserenaradio.cl\/web\/wp-json\/wp\/v2\/tags?post=21070"}],"curies":[{"name":"wp","href":"https:\/\/api.w.org\/{rel}","templated":true}]}}