{"id":21064,"date":"2025-11-20T14:57:50","date_gmt":"2025-11-20T17:57:50","guid":{"rendered":"https:\/\/laserenaradio.cl\/web\/?p=21064"},"modified":"2025-11-20T14:57:50","modified_gmt":"2025-11-20T17:57:50","slug":"interrogaran-al-director-nacional-de-conaf-tras-la-tragedia-en-torres-del-paine","status":"publish","type":"post","link":"https:\/\/laserenaradio.cl\/web\/2025\/11\/20\/interrogaran-al-director-nacional-de-conaf-tras-la-tragedia-en-torres-del-paine\/","title":{"rendered":"Interrogar\u00e1n al director nacional de CONAF tras la tragedia en Torres del Paine."},"content":{"rendered":"<p>La <a href=\"https:\/\/www.fiscaliadechile.cl\/\">Fiscal\u00eda<\/a> Regional de Magallanes confirm\u00f3 que el director nacional de CONAF, Rodrigo Illaseca, ser\u00e1 interrogado debido a la tragedia en el Parque Nacional Torres del Paine. En este lugar, cinco turistas extranjeros perdieron la vida y 27 resultaron lesionadas durante una tormenta. <\/p>\n<p>Durante el 16 y 17 de noviembre, exist\u00edan 51 guardaparques trabajando en el parque nacional, seg\u00fan inform\u00f3 CONAF a trav\u00e9s de un comunicado. Cristian Crisosto, fiscal regional de Magallanes, declar\u00f3 que todas las v\u00edctimas murieron por hipotermia.<\/p>\n<p>La investigaci\u00f3n iniciada como una presunta desgracia se recategoriz\u00f3 a Hallazgo de cad\u00e1veres, aunque la <a href=\"https:\/\/www.fiscaliadechile.cl\/\">Fiscal\u00eda<\/a> no descarta cambios futuros. En este contexto, Illaseca ser\u00e1 interrogado. La Brigada de Homicidios de la <a href=\"https:\/\/www.pdichile.cl\/\">PDI<\/a> lleva adelante las diligencias, tomando declaraciones de sobrevivientes, funcionarios y concesionaria V\u00e9rtice.<\/p>\n<p>Crisosto mencion\u00f3 que no se descartan hip\u00f3tesis incluyendo posibles incumplimientos de deberes. Mauricio Ruiz, director regional de Conaf en Magallanes, reconoci\u00f3 la ausencia de personal en el campamento Los Perros durante el d\u00eda 16 y 17.<\/p>\n<p>Illaseca inform\u00f3 que se instruyeron investigaciones administrativas para esclarecer responsabilidades e revisar protocolos. El parque contaba con 51 funcionarios ese d\u00eda, y activaron los protocolos de emergencia.<\/p>\n<p>El ministro del Interior, \u00c1lvaro Elizalde, habl\u00f3 de las coordinaciones con consulados para la repatriaci\u00f3n de cuerpos. Las v\u00edctimas fatales fueron identificadas como Cristina Calvillo Tovar y Juli\u00e1n Garc\u00eda Pimentel (M\u00e9xico), Victoria Bond (Reino Unido), Nadine Lichey y Andreas Von Pein (Alemania).<\/p>\n<p>Un conocido de las v\u00edctimas, que sobrevivi\u00f3, expres\u00f3 su dolor a trav\u00e9s de redes sociales.<\/p>\n","protected":false},"excerpt":{"rendered":"<p>La Fiscal\u00eda Regional de Magallanes confirm\u00f3 que el director nacional de CONAF, Rodrigo Illaseca, ser\u00e1 interrogado debido a la tragedia en el Parque Nacional Torres del Paine. En este lugar, cinco turistas extranjeros perdieron la vida y 27 resultaron lesionadas durante una tormenta. Durante el 16 y 17 de noviembre, exist\u00edan 51 guardaparques trabajando en [&hellip;]<\/p>\n","protected":false},"author":2,"featured_media":21063,"comment_status":"closed","ping_status":"open","sticky":false,"template":"","format":"standard","meta":{"_jetpack_memberships_contains_paid_content":false,"jnews-multi-image_gallery":[],"jnews_single_post":[],"jnews_primary_category":[],"jnews_social_meta":[],"jnews_paywall_metabox":[],"jnews_review":[],"enable_review":"","type":"","name":"","summary":"","brand":"","sku":"","good":[],"bad":[],"score_override":"","override_value":"","rating":[],"price":[],"jnews_override_counter":[],"jnews_post_split":[],"footnotes":""},"categories":[21],"tags":[],"class_list":["post-21064","post","type-post","status-publish","format-standard","has-post-thumbnail","hentry","category-nacional"],"jetpack_featured_media_url":"https:\/\/laserenaradio.cl\/web\/wp-content\/uploads\/2025\/11\/homepiaiextractoscrapimg_predeterminadalaserenaradio_nacional-40.webp","jetpack_sharing_enabled":true,"_links":{"self":[{"href":"https:\/\/laserenaradio.cl\/web\/wp-json\/wp\/v2\/posts\/21064","targetHints":{"allow":["GET"]}}],"collection":[{"href":"https:\/\/laserenaradio.cl\/web\/wp-json\/wp\/v2\/posts"}],"about":[{"href":"https:\/\/laserenaradio.cl\/web\/wp-json\/wp\/v2\/types\/post"}],"author":[{"embeddable":true,"href":"https:\/\/laserenaradio.cl\/web\/wp-json\/wp\/v2\/users\/2"}],"replies":[{"embeddable":true,"href":"https:\/\/laserenaradio.cl\/web\/wp-json\/wp\/v2\/comments?post=21064"}],"version-history":[{"count":1,"href":"https:\/\/laserenaradio.cl\/web\/wp-json\/wp\/v2\/posts\/21064\/revisions"}],"predecessor-version":[{"id":21065,"href":"https:\/\/laserenaradio.cl\/web\/wp-json\/wp\/v2\/posts\/21064\/revisions\/21065"}],"wp:featuredmedia":[{"embeddable":true,"href":"https:\/\/laserenaradio.cl\/web\/wp-json\/wp\/v2\/media\/21063"}],"wp:attachment":[{"href":"https:\/\/laserenaradio.cl\/web\/wp-json\/wp\/v2\/media?parent=21064"}],"wp:term":[{"taxonomy":"category","embeddable":true,"href":"https:\/\/laserenaradio.cl\/web\/wp-json\/wp\/v2\/categories?post=21064"},{"taxonomy":"post_tag","embeddable":true,"href":"https:\/\/laserenaradio.cl\/web\/wp-json\/wp\/v2\/tags?post=21064"}],"curies":[{"name":"wp","href":"https:\/\/api.w.org\/{rel}","templated":true}]}}