{"id":21055,"date":"2025-11-20T10:55:50","date_gmt":"2025-11-20T13:55:50","guid":{"rendered":"https:\/\/laserenaradio.cl\/web\/?p=21055"},"modified":"2025-11-20T10:55:50","modified_gmt":"2025-11-20T13:55:50","slug":"destituyen-a-dos-funcionarios-por-tener-relaciones-sexuales-al-interior-de-una-casa-edilicia","status":"publish","type":"post","link":"https:\/\/laserenaradio.cl\/web\/2025\/11\/20\/destituyen-a-dos-funcionarios-por-tener-relaciones-sexuales-al-interior-de-una-casa-edilicia\/","title":{"rendered":"Destituyen a dos funcionarios por tener relaciones sexuales al interior de una casa edilicia."},"content":{"rendered":"<p>La Municipalidad de Vitacura determin\u00f3 la destituci\u00f3n de dos funcionarios luego de que im\u00e1genes viralizadas en TikTok los grabaran teniendo relaciones sexuales al interior de oficinas municipales. Las escenas fueron filmadas al exterior del edificio, junto al Parque Bicentenario. El registro mostraba las sombras de dos personas en acto sexual dentro de la casa edilicia, lo que motiv\u00f3 una investigaci\u00f3n interna.<\/p>\n<p>Seg\u00fan inform\u00f3 La Tercera, los funcionarios reconocieron la situaci\u00f3n ocurrida el 25 de junio, cuando ambos trabajaban horas extras. El incidente se produjo en una oficina no correspondiente a sus respectivos departamentos (Atenci\u00f3n al Vecino). Sus compa\u00f1eros eran conscientes de su relaci\u00f3n de noviazgo y r\u00e1pidamente identificaron a los protagonistas.<\/p>\n<p>Uno de ellos reconoci\u00f3 la situaci\u00f3n en el sumario, declarando: &#8220;Efectivamente, soy una de esas personas. Cometimos un error del que estoy profundamente arrepentido, ya que en mi trayectoria en el municipio me he desempe\u00f1ado de forma correcta&#8221;. A pesar de sus buenas evaluaciones y defensores que argumentaron su vocaci\u00f3n de servicio p\u00fablico, la destituci\u00f3n se confirm\u00f3.<\/p>\n","protected":false},"excerpt":{"rendered":"<p>La Municipalidad de Vitacura determin\u00f3 la destituci\u00f3n de dos funcionarios luego de que im\u00e1genes viralizadas en TikTok los grabaran teniendo relaciones sexuales al interior de oficinas municipales. Las escenas fueron filmadas al exterior del edificio, junto al Parque Bicentenario. El registro mostraba las sombras de dos personas en acto sexual dentro de la casa edilicia, [&hellip;]<\/p>\n","protected":false},"author":2,"featured_media":21054,"comment_status":"closed","ping_status":"open","sticky":false,"template":"","format":"standard","meta":{"_jetpack_memberships_contains_paid_content":false,"jnews-multi-image_gallery":[],"jnews_single_post":[],"jnews_primary_category":[],"jnews_social_meta":[],"jnews_paywall_metabox":[],"jnews_review":[],"enable_review":"","type":"","name":"","summary":"","brand":"","sku":"","good":[],"bad":[],"score_override":"","override_value":"","rating":[],"price":[],"jnews_override_counter":[],"jnews_post_split":[],"footnotes":""},"categories":[21],"tags":[],"class_list":["post-21055","post","type-post","status-publish","format-standard","has-post-thumbnail","hentry","category-nacional"],"jetpack_featured_media_url":"https:\/\/laserenaradio.cl\/web\/wp-content\/uploads\/2025\/11\/homepiaiextractoscrapimg_predeterminadalaserenaradio_nacional-38.webp","jetpack_sharing_enabled":true,"_links":{"self":[{"href":"https:\/\/laserenaradio.cl\/web\/wp-json\/wp\/v2\/posts\/21055","targetHints":{"allow":["GET"]}}],"collection":[{"href":"https:\/\/laserenaradio.cl\/web\/wp-json\/wp\/v2\/posts"}],"about":[{"href":"https:\/\/laserenaradio.cl\/web\/wp-json\/wp\/v2\/types\/post"}],"author":[{"embeddable":true,"href":"https:\/\/laserenaradio.cl\/web\/wp-json\/wp\/v2\/users\/2"}],"replies":[{"embeddable":true,"href":"https:\/\/laserenaradio.cl\/web\/wp-json\/wp\/v2\/comments?post=21055"}],"version-history":[{"count":1,"href":"https:\/\/laserenaradio.cl\/web\/wp-json\/wp\/v2\/posts\/21055\/revisions"}],"predecessor-version":[{"id":21056,"href":"https:\/\/laserenaradio.cl\/web\/wp-json\/wp\/v2\/posts\/21055\/revisions\/21056"}],"wp:featuredmedia":[{"embeddable":true,"href":"https:\/\/laserenaradio.cl\/web\/wp-json\/wp\/v2\/media\/21054"}],"wp:attachment":[{"href":"https:\/\/laserenaradio.cl\/web\/wp-json\/wp\/v2\/media?parent=21055"}],"wp:term":[{"taxonomy":"category","embeddable":true,"href":"https:\/\/laserenaradio.cl\/web\/wp-json\/wp\/v2\/categories?post=21055"},{"taxonomy":"post_tag","embeddable":true,"href":"https:\/\/laserenaradio.cl\/web\/wp-json\/wp\/v2\/tags?post=21055"}],"curies":[{"name":"wp","href":"https:\/\/api.w.org\/{rel}","templated":true}]}}