{"id":21040,"date":"2025-11-19T22:37:09","date_gmt":"2025-11-20T01:37:09","guid":{"rendered":"https:\/\/laserenaradio.cl\/web\/?p=21040"},"modified":"2025-11-19T22:37:09","modified_gmt":"2025-11-20T01:37:09","slug":"homicidio-con-arma-de-fuego-en-puente-alto","status":"publish","type":"post","link":"https:\/\/laserenaradio.cl\/web\/2025\/11\/19\/homicidio-con-arma-de-fuego-en-puente-alto\/","title":{"rendered":"Homicidio con arma de fuego en Puente Alto"},"content":{"rendered":"<p>La <a href=\"https:\/\/www.fiscaliadechile.cl\/\">Fiscal\u00eda<\/a> ECOH Metropolitana junto a <a href=\"https:\/\/www.carabineros.cl\/\">Carabineros<\/a> lleva a cabo pericias en la calle Nocedal de Puente Alto. Se investiga un homicidio con arma de fuego cometido en v\u00eda p\u00fablica. La v\u00edctima, adulto chileno, recibi\u00f3 impacto facial y falleci\u00f3 en el hospital Alejandro del R\u00edo.<\/p>\n<p>Fiscal Alejandro Sep\u00falveda se\u00f1al\u00f3 que se trata de un crimen mortal. &#8220;Una persona chilena fue ultimada con disparo en rostro, perdiendo la vida instant\u00e1neamente&#8221;, declar\u00f3. A\u00f1adi\u00f3 que el agresor efectu\u00f3 disparo certero.<\/p>\n<p>Seg\u00fan detalles de la investigaci\u00f3n, testigos narraron: una persona lleg\u00f3 a pie, dispar\u00f3 a la v\u00edctima y huy\u00f3 del lugar. La ambulancia arrib\u00f3, pero no pudo reanimar al paciente fallecido en hospital.<\/p>\n<p>Identidad de los involucrados permanece desconocida. Fiscal Sep\u00falveda indic\u00f3 que &#8220;la v\u00edctima no portaba nada sospechoso&#8221;. El m\u00f3vil del crimen se investiga exhaustivamente sin descartar hip\u00f3tesis.<\/p>\n","protected":false},"excerpt":{"rendered":"<p>La Fiscal\u00eda ECOH Metropolitana junto a Carabineros lleva a cabo pericias en la calle Nocedal de Puente Alto. Se investiga un homicidio con arma de fuego cometido en v\u00eda p\u00fablica. La v\u00edctima, adulto chileno, recibi\u00f3 impacto facial y falleci\u00f3 en el hospital Alejandro del R\u00edo. Fiscal Alejandro Sep\u00falveda se\u00f1al\u00f3 que se trata de un crimen [&hellip;]<\/p>\n","protected":false},"author":2,"featured_media":21039,"comment_status":"closed","ping_status":"open","sticky":false,"template":"","format":"standard","meta":{"_jetpack_memberships_contains_paid_content":false,"jnews-multi-image_gallery":[],"jnews_single_post":[],"jnews_primary_category":[],"jnews_social_meta":[],"jnews_paywall_metabox":[],"jnews_review":[],"enable_review":"","type":"","name":"","summary":"","brand":"","sku":"","good":[],"bad":[],"score_override":"","override_value":"","rating":[],"price":[],"jnews_override_counter":[],"jnews_post_split":[],"footnotes":""},"categories":[21],"tags":[],"class_list":["post-21040","post","type-post","status-publish","format-standard","has-post-thumbnail","hentry","category-nacional"],"jetpack_featured_media_url":"https:\/\/laserenaradio.cl\/web\/wp-content\/uploads\/2025\/11\/homepiaiextractoscrapimg_webpHomicidioPuente_0.webp","jetpack_sharing_enabled":true,"_links":{"self":[{"href":"https:\/\/laserenaradio.cl\/web\/wp-json\/wp\/v2\/posts\/21040","targetHints":{"allow":["GET"]}}],"collection":[{"href":"https:\/\/laserenaradio.cl\/web\/wp-json\/wp\/v2\/posts"}],"about":[{"href":"https:\/\/laserenaradio.cl\/web\/wp-json\/wp\/v2\/types\/post"}],"author":[{"embeddable":true,"href":"https:\/\/laserenaradio.cl\/web\/wp-json\/wp\/v2\/users\/2"}],"replies":[{"embeddable":true,"href":"https:\/\/laserenaradio.cl\/web\/wp-json\/wp\/v2\/comments?post=21040"}],"version-history":[{"count":1,"href":"https:\/\/laserenaradio.cl\/web\/wp-json\/wp\/v2\/posts\/21040\/revisions"}],"predecessor-version":[{"id":21041,"href":"https:\/\/laserenaradio.cl\/web\/wp-json\/wp\/v2\/posts\/21040\/revisions\/21041"}],"wp:featuredmedia":[{"embeddable":true,"href":"https:\/\/laserenaradio.cl\/web\/wp-json\/wp\/v2\/media\/21039"}],"wp:attachment":[{"href":"https:\/\/laserenaradio.cl\/web\/wp-json\/wp\/v2\/media?parent=21040"}],"wp:term":[{"taxonomy":"category","embeddable":true,"href":"https:\/\/laserenaradio.cl\/web\/wp-json\/wp\/v2\/categories?post=21040"},{"taxonomy":"post_tag","embeddable":true,"href":"https:\/\/laserenaradio.cl\/web\/wp-json\/wp\/v2\/tags?post=21040"}],"curies":[{"name":"wp","href":"https:\/\/api.w.org\/{rel}","templated":true}]}}