{"id":21037,"date":"2025-11-19T22:34:00","date_gmt":"2025-11-20T01:34:00","guid":{"rendered":"https:\/\/laserenaradio.cl\/web\/?p=21037"},"modified":"2025-11-19T22:34:00","modified_gmt":"2025-11-20T01:34:00","slug":"denuncias-de-abuso-sexual-en-escuela-de-vina-del-mar","status":"publish","type":"post","link":"https:\/\/laserenaradio.cl\/web\/2025\/11\/19\/denuncias-de-abuso-sexual-en-escuela-de-vina-del-mar\/","title":{"rendered":"Denuncias de abuso sexual en escuela de Vi\u00f1a del Mar."},"content":{"rendered":"<p>La <a href=\"https:\/\/www.fiscaliadechile.cl\/\">Fiscal\u00eda<\/a> confirm\u00f3 que est\u00e1 investigando una decena de denuncias por presunto abuso sexual a menores de edad en la Escuela de Lenguaje Nubecitas del sector Forestal Alto de Vi\u00f1a del Mar, en la regi\u00f3n de Valpara\u00edso. La primera denuncia se present\u00f3 el domingo en la Polic\u00eda de Investigaciones (<a href=\"https:\/\/www.pdichile.cl\/\">PDI<\/a>), en contra de un funcionario del establecimiento.<\/p>\n<p>Las diligencias investigativas quedaron a cargo de la Brigada Investigadora de Delitos Sexuales (Brisexme). Sobre esta situaci\u00f3n, la fiscal jefe de Vi\u00f1a del Mar, Vivian Qui\u00f1ones, inform\u00f3 a trav\u00e9s de un video que &#8220;desde la primera denuncia se activan las diligencias de rigor y efectivamente estamos ante hechos reservados en atenci\u00f3n a que estamos hablando de ni\u00f1as y ni\u00f1os que est\u00e1n protegidos por la ley&#8221;. Junto con eso, precis\u00f3 que a la fecha han recibido una decena de denuncias.<\/p>\n<p>Por su parte, desde el establecimiento emitieron una declaraci\u00f3n donde lamentaron &#8220;la vulneraci\u00f3n sufrida por dos estudiantes de nuestra comunidad, m\u00e1s a\u00fan que esto haya sucedido en el lugar donde todas y todos deben sentirse seguros y protegidos&#8221;. Tambi\u00e9n aseguraron haber actuado con m\u00e1xima celeridad, responsabilidad y transparencia. Es as\u00ed que realizaron la denuncia correspondiente ante la <a href=\"https:\/\/www.pdichile.cl\/\">PDI<\/a> y entregaron los antecedentes a la <a href=\"https:\/\/www.supereduc.cl\/\">Superintendencia de Educaci\u00f3n<\/a>.<\/p>\n<p>A su vez, como medida de protecci\u00f3n, el funcionario acusado fue suspendido de sus labores y se dispuso de un psic\u00f3logo externo para acompa\u00f1ar a los estudiantes de nivel afectado. &#8220;Queremos reforzar que, como instituci\u00f3n, mantendremos una colaboraci\u00f3n total y activa con las autoridades, y continuaremos informando a la comunidad dentro de los m\u00e1rgenes legales y \u00e9ticos que resguardan la privacidad de los involucrados&#8221;, a\u00f1adieron en el escrito.<\/p>\n<p>Es preciso indicar que, a fin de evitar la victimizaci\u00f3n de los menores v\u00edctimas de esta situaci\u00f3n, les realizar\u00e1n a los afectados entrevistas videograbadas. Adem\u00e1s, una fiscal especializada en delitos sexuales liderar\u00e1 las diligencias investigativas.<\/p>\n","protected":false},"excerpt":{"rendered":"<p>La Fiscal\u00eda confirm\u00f3 que est\u00e1 investigando una decena de denuncias por presunto abuso sexual a menores de edad en la Escuela de Lenguaje Nubecitas del sector Forestal Alto de Vi\u00f1a del Mar, en la regi\u00f3n de Valpara\u00edso. La primera denuncia se present\u00f3 el domingo en la Polic\u00eda de Investigaciones (PDI), en contra de un funcionario [&hellip;]<\/p>\n","protected":false},"author":2,"featured_media":21036,"comment_status":"closed","ping_status":"open","sticky":false,"template":"","format":"standard","meta":{"_jetpack_memberships_contains_paid_content":false,"jnews-multi-image_gallery":[],"jnews_single_post":[],"jnews_primary_category":[],"jnews_social_meta":[],"jnews_paywall_metabox":[],"jnews_review":[],"enable_review":"","type":"","name":"","summary":"","brand":"","sku":"","good":[],"bad":[],"score_override":"","override_value":"","rating":[],"price":[],"jnews_override_counter":[],"jnews_post_split":[],"footnotes":""},"categories":[21],"tags":[],"class_list":["post-21037","post","type-post","status-publish","format-standard","has-post-thumbnail","hentry","category-nacional"],"jetpack_featured_media_url":"https:\/\/laserenaradio.cl\/web\/wp-content\/uploads\/2025\/11\/homepiaiextractoscrapimg_predeterminadalaserenaradio_nacional-37.webp","jetpack_sharing_enabled":true,"_links":{"self":[{"href":"https:\/\/laserenaradio.cl\/web\/wp-json\/wp\/v2\/posts\/21037","targetHints":{"allow":["GET"]}}],"collection":[{"href":"https:\/\/laserenaradio.cl\/web\/wp-json\/wp\/v2\/posts"}],"about":[{"href":"https:\/\/laserenaradio.cl\/web\/wp-json\/wp\/v2\/types\/post"}],"author":[{"embeddable":true,"href":"https:\/\/laserenaradio.cl\/web\/wp-json\/wp\/v2\/users\/2"}],"replies":[{"embeddable":true,"href":"https:\/\/laserenaradio.cl\/web\/wp-json\/wp\/v2\/comments?post=21037"}],"version-history":[{"count":1,"href":"https:\/\/laserenaradio.cl\/web\/wp-json\/wp\/v2\/posts\/21037\/revisions"}],"predecessor-version":[{"id":21038,"href":"https:\/\/laserenaradio.cl\/web\/wp-json\/wp\/v2\/posts\/21037\/revisions\/21038"}],"wp:featuredmedia":[{"embeddable":true,"href":"https:\/\/laserenaradio.cl\/web\/wp-json\/wp\/v2\/media\/21036"}],"wp:attachment":[{"href":"https:\/\/laserenaradio.cl\/web\/wp-json\/wp\/v2\/media?parent=21037"}],"wp:term":[{"taxonomy":"category","embeddable":true,"href":"https:\/\/laserenaradio.cl\/web\/wp-json\/wp\/v2\/categories?post=21037"},{"taxonomy":"post_tag","embeddable":true,"href":"https:\/\/laserenaradio.cl\/web\/wp-json\/wp\/v2\/tags?post=21037"}],"curies":[{"name":"wp","href":"https:\/\/api.w.org\/{rel}","templated":true}]}}