{"id":21031,"date":"2025-11-19T22:27:31","date_gmt":"2025-11-20T01:27:31","guid":{"rendered":"https:\/\/laserenaradio.cl\/web\/?p=21031"},"modified":"2025-11-19T22:27:31","modified_gmt":"2025-11-20T01:27:31","slug":"rescatan-cuerpos-de-turistas-extranjeros-muertos-en-parque-nacional-torres-del-paine","status":"publish","type":"post","link":"https:\/\/laserenaradio.cl\/web\/2025\/11\/19\/rescatan-cuerpos-de-turistas-extranjeros-muertos-en-parque-nacional-torres-del-paine\/","title":{"rendered":"Rescatan cuerpos de turistas extranjeros muertos en Parque Nacional Torres del Paine."},"content":{"rendered":"<p>La Fuerza A\u00e9rea de Chile (FACh) rescat\u00f3 los cuerpos de cinco turistas extranjeros fallecidos en el Parque Nacional Torres del Paine, regi\u00f3n de Magallanes. Las v\u00edctimas perdieron la vida en las severas condiciones clim\u00e1ticas del sector Los Perros.<\/p>\n<p>El operativo fue realizado por un helic\u00f3ptero Bell-412 de la IV\u00b0 Brigada A\u00e9rea de Magallanes y la Ant\u00e1rtica Chilena, con participaci\u00f3n del Grupo de Aviaci\u00f3n N\u00b0 6. La misi\u00f3n parti\u00f3 desde la Base A\u00e9rea Chabunco de Punta Arenas a las 11:00 horas.<\/p>\n<p>El plan de vuelo incluy\u00f3 una escala t\u00e9cnica en Puerto Natales para reabastecimiento, luego completando dos tramos hacia la zona del accidente. La aeronave finaliz\u00f3 su trayectoria en el Destacamento Acorazado N\u00b05 \u201cLanceros\u201d, ubicado en Puerto Natales.<\/p>\n<p>La FACh inform\u00f3 que la acci\u00f3n se coordin\u00f3 con autoridades civiles, desarroll\u00e1ndose conforme a la autorizaci\u00f3n de la <a href=\"https:\/\/www.fiscaliadechile.cl\/\">Fiscal\u00eda<\/a>. Los cuerpos fueron trasladados al <a href=\"http:\/\/www.sml.gob.cl\/\">Servicio M\u00e9dico Legal<\/a> de Puerto Natales y periciados por detectives de la Polic\u00eda de Investigaciones (<a href=\"https:\/\/www.pdichile.cl\/\">PDI<\/a>).<\/p>\n<p>Las v\u00edctimas son los mexicanos Cristina Calvillo Tovar y Juli\u00e1n Garc\u00eda Pimentel, los alemanes Nadine Lichey y Andreas von Pein, y la brit\u00e1nica Victoria Bond. Todos fallecieron en una zona agreste del parque.<\/p>\n<p>La Fuerza A\u00e9rea de Chile reiter\u00f3 su compromiso con las labores de apoyo en emergencias, destacando su capacidad a\u00e9rea y humana al servicio del pa\u00eds, especialmente en situaciones urgentes y humanitarias.<\/p>\n","protected":false},"excerpt":{"rendered":"<p>La Fuerza A\u00e9rea de Chile (FACh) rescat\u00f3 los cuerpos de cinco turistas extranjeros fallecidos en el Parque Nacional Torres del Paine, regi\u00f3n de Magallanes. Las v\u00edctimas perdieron la vida en las severas condiciones clim\u00e1ticas del sector Los Perros. El operativo fue realizado por un helic\u00f3ptero Bell-412 de la IV\u00b0 Brigada A\u00e9rea de Magallanes y la [&hellip;]<\/p>\n","protected":false},"author":2,"featured_media":21030,"comment_status":"closed","ping_status":"open","sticky":false,"template":"","format":"standard","meta":{"_jetpack_memberships_contains_paid_content":false,"jnews-multi-image_gallery":[],"jnews_single_post":[],"jnews_primary_category":[],"jnews_social_meta":[],"jnews_paywall_metabox":[],"jnews_review":[],"enable_review":"","type":"","name":"","summary":"","brand":"","sku":"","good":[],"bad":[],"score_override":"","override_value":"","rating":[],"price":[],"jnews_override_counter":[],"jnews_post_split":[],"footnotes":""},"categories":[21],"tags":[],"class_list":["post-21031","post","type-post","status-publish","format-standard","has-post-thumbnail","hentry","category-nacional"],"jetpack_featured_media_url":"https:\/\/laserenaradio.cl\/web\/wp-content\/uploads\/2025\/11\/homepiaiextractoscrapimg_webpcuerposPuertoNatalesChileturistas_1.webp","jetpack_sharing_enabled":true,"_links":{"self":[{"href":"https:\/\/laserenaradio.cl\/web\/wp-json\/wp\/v2\/posts\/21031","targetHints":{"allow":["GET"]}}],"collection":[{"href":"https:\/\/laserenaradio.cl\/web\/wp-json\/wp\/v2\/posts"}],"about":[{"href":"https:\/\/laserenaradio.cl\/web\/wp-json\/wp\/v2\/types\/post"}],"author":[{"embeddable":true,"href":"https:\/\/laserenaradio.cl\/web\/wp-json\/wp\/v2\/users\/2"}],"replies":[{"embeddable":true,"href":"https:\/\/laserenaradio.cl\/web\/wp-json\/wp\/v2\/comments?post=21031"}],"version-history":[{"count":1,"href":"https:\/\/laserenaradio.cl\/web\/wp-json\/wp\/v2\/posts\/21031\/revisions"}],"predecessor-version":[{"id":21032,"href":"https:\/\/laserenaradio.cl\/web\/wp-json\/wp\/v2\/posts\/21031\/revisions\/21032"}],"wp:featuredmedia":[{"embeddable":true,"href":"https:\/\/laserenaradio.cl\/web\/wp-json\/wp\/v2\/media\/21030"}],"wp:attachment":[{"href":"https:\/\/laserenaradio.cl\/web\/wp-json\/wp\/v2\/media?parent=21031"}],"wp:term":[{"taxonomy":"category","embeddable":true,"href":"https:\/\/laserenaradio.cl\/web\/wp-json\/wp\/v2\/categories?post=21031"},{"taxonomy":"post_tag","embeddable":true,"href":"https:\/\/laserenaradio.cl\/web\/wp-json\/wp\/v2\/tags?post=21031"}],"curies":[{"name":"wp","href":"https:\/\/api.w.org\/{rel}","templated":true}]}}