{"id":21028,"date":"2025-11-19T22:24:14","date_gmt":"2025-11-20T01:24:14","guid":{"rendered":"https:\/\/laserenaradio.cl\/web\/?p=21028"},"modified":"2025-11-19T22:24:14","modified_gmt":"2025-11-20T01:24:14","slug":"conaf-confirma-ausencia-de-guardaparques-durante-desastre-en-torres-del-paine","status":"publish","type":"post","link":"https:\/\/laserenaradio.cl\/web\/2025\/11\/19\/conaf-confirma-ausencia-de-guardaparques-durante-desastre-en-torres-del-paine\/","title":{"rendered":"Conaf confirma ausencia de guardaparques durante desastre en Torres del Paine"},"content":{"rendered":"<p>El director regional de Conaf en Magallanes, Mauricio Ruiz, confirm\u00f3 la ausencia de guardaparques en el sector de Torres del Paine donde cinco turistas extranjeros perdieron la vida. La tragedia ocurri\u00f3 en el Circuito \u201cO\u201d, una zona conocida por su complejidad y condiciones meteorol\u00f3gicas severas.<\/p>\n<p>El directivo se\u00f1al\u00f3 que &#8220;el d\u00eda 16, efectivamente no cont\u00e1bamos con personal ese d\u00eda all\u00e1&#8221;, dijo en entrevista con 24 Horas. Esto en referencia al campamento Los Perros, desde donde las v\u00edctimas iniciaron su trayecto hacia el paso John Garner.<\/p>\n<p>La ausencia de funcionarios se debi\u00f3 a que los dos guardaparques asignados bajaron a las porter\u00edas de Laguna Amarga para votar en las elecciones del 16. Mauricio Ruiz detall\u00f3 que &#8220;el d\u00eda 16 ten\u00edamos 51 funcionarios trabajando ese d\u00eda en el interior del parque nacional, en distintos sectores&#8221;. El Parque Nacional Torres del Paine cuenta con 15 sectores operativos.<\/p>\n<p>Respecto al lugar de la tragedia, afirm\u00f3 que &#8220;ese d\u00eda efectivamente bajaron a votar, pero para volver a su lugar de trabajo, al d\u00eda siguiente, hay que caminar much\u00edsimo&#8221;, sostuvo la autoridad de Conaf.<\/p>\n<p>Estas declaraciones se conocieron el mismo d\u00eda en que la FACh recuper\u00f3 los cuerpos de las cinco v\u00edctimas fatales. La <a href=\"https:\/\/www.fiscaliadechile.cl\/\">Fiscal\u00eda<\/a> mantiene una investigaci\u00f3n en curso para establecer las posibles responsabilidades detr\u00e1s de este fatal incidente.<\/p>\n<p>Al ser consultado sobre la investigaci\u00f3n de la <a href=\"https:\/\/www.fiscaliadechile.cl\/\">Fiscal\u00eda<\/a> y posibles acciones legales contra el Estado, Mauricio Ruiz afirm\u00f3 que la decisi\u00f3n de retirar a los guardaparques se adopt\u00f3 &#8220;como instituci\u00f3n&#8221;. Sostuvo que el parque nacional &#8220;nunca cierra&#8221;, pero durante los procesos de votaci\u00f3n deben facilitar la baja de su personal.<\/p>\n<p>El director regional explic\u00f3 los procedimientos de relevo. Indic\u00f3 que &#8220;el relevo se hace cuando, en este caso, tenemos toda la posibilidad de llegar al sector&#8221;. A\u00f1adi\u00f3 que en sectores m\u00e1s alejados, como Los Perros, dependen del apoyo de la empresa concesionaria.<\/p>\n<p>Respecto a la log\u00edstica, el director concluy\u00f3: &#8220;Ese d\u00eda, mala coincidencia, toc\u00f3 la votaci\u00f3n, bajaron y ellos estaban adentro del parque el d\u00eda y la noche, pero no alcanzaban a llegar porque tienen que caminar alrededor de 15, 18 kil\u00f3metros para poder llegar nuevamente&#8221;.<\/p>\n","protected":false},"excerpt":{"rendered":"<p>El director regional de Conaf en Magallanes, Mauricio Ruiz, confirm\u00f3 la ausencia de guardaparques en el sector de Torres del Paine donde cinco turistas extranjeros perdieron la vida. La tragedia ocurri\u00f3 en el Circuito \u201cO\u201d, una zona conocida por su complejidad y condiciones meteorol\u00f3gicas severas. El directivo se\u00f1al\u00f3 que &#8220;el d\u00eda 16, efectivamente no cont\u00e1bamos [&hellip;]<\/p>\n","protected":false},"author":2,"featured_media":21027,"comment_status":"closed","ping_status":"open","sticky":false,"template":"","format":"standard","meta":{"_jetpack_memberships_contains_paid_content":false,"jnews-multi-image_gallery":[],"jnews_single_post":[],"jnews_primary_category":[],"jnews_social_meta":[],"jnews_paywall_metabox":[],"jnews_review":[],"enable_review":"","type":"","name":"","summary":"","brand":"","sku":"","good":[],"bad":[],"score_override":"","override_value":"","rating":[],"price":[],"jnews_override_counter":[],"jnews_post_split":[],"footnotes":""},"categories":[21],"tags":[],"class_list":["post-21028","post","type-post","status-publish","format-standard","has-post-thumbnail","hentry","category-nacional"],"jetpack_featured_media_url":"https:\/\/laserenaradio.cl\/web\/wp-content\/uploads\/2025\/11\/homepiaiextractoscrapimg_predeterminadalaserenaradio_nacional-35.webp","jetpack_sharing_enabled":true,"_links":{"self":[{"href":"https:\/\/laserenaradio.cl\/web\/wp-json\/wp\/v2\/posts\/21028","targetHints":{"allow":["GET"]}}],"collection":[{"href":"https:\/\/laserenaradio.cl\/web\/wp-json\/wp\/v2\/posts"}],"about":[{"href":"https:\/\/laserenaradio.cl\/web\/wp-json\/wp\/v2\/types\/post"}],"author":[{"embeddable":true,"href":"https:\/\/laserenaradio.cl\/web\/wp-json\/wp\/v2\/users\/2"}],"replies":[{"embeddable":true,"href":"https:\/\/laserenaradio.cl\/web\/wp-json\/wp\/v2\/comments?post=21028"}],"version-history":[{"count":1,"href":"https:\/\/laserenaradio.cl\/web\/wp-json\/wp\/v2\/posts\/21028\/revisions"}],"predecessor-version":[{"id":21029,"href":"https:\/\/laserenaradio.cl\/web\/wp-json\/wp\/v2\/posts\/21028\/revisions\/21029"}],"wp:featuredmedia":[{"embeddable":true,"href":"https:\/\/laserenaradio.cl\/web\/wp-json\/wp\/v2\/media\/21027"}],"wp:attachment":[{"href":"https:\/\/laserenaradio.cl\/web\/wp-json\/wp\/v2\/media?parent=21028"}],"wp:term":[{"taxonomy":"category","embeddable":true,"href":"https:\/\/laserenaradio.cl\/web\/wp-json\/wp\/v2\/categories?post=21028"},{"taxonomy":"post_tag","embeddable":true,"href":"https:\/\/laserenaradio.cl\/web\/wp-json\/wp\/v2\/tags?post=21028"}],"curies":[{"name":"wp","href":"https:\/\/api.w.org\/{rel}","templated":true}]}}