{"id":21025,"date":"2025-11-19T16:07:37","date_gmt":"2025-11-19T19:07:37","guid":{"rendered":"https:\/\/laserenaradio.cl\/web\/?p=21025"},"modified":"2025-11-19T16:07:37","modified_gmt":"2025-11-19T19:07:37","slug":"vandalizacion-del-centro-sismologico-nacional-de-chile","status":"publish","type":"post","link":"https:\/\/laserenaradio.cl\/web\/2025\/11\/19\/vandalizacion-del-centro-sismologico-nacional-de-chile\/","title":{"rendered":"Vandalizaci\u00f3n del Centro Sismol\u00f3gico Nacional de Chile."},"content":{"rendered":"<p>Desde el <a href=\"https:\/\/www.sismologia.cl\/\">Centro Sismol\u00f3gico Nacional<\/a> de la Universidad de Chile (CSN) se denunci\u00f3 que sus estaciones en Antofagasta y San Antonio fueron vandalizadas en noviembre. En el caso de Antofagasta, incluso se sustrajo un aceler\u00f3grafo sin uso comercial, buscado ahora por el CSN.<\/p>\n<p>Sergio Barrientos, director del centro, explic\u00f3 que &#8220;estos aceler\u00f3grafos miden la aceleraci\u00f3n del movimiento del suelo&#8221;, entregando datos importantes para construir todo tipo de edificaciones. Desde el CSN revisan una vez al a\u00f1o sus estaciones y aunque algunas est\u00e1n comunicadas en tiempo real al centro, otras como Antofagasta no lo est\u00e1n.<\/p>\n<p>Barrientos agreg\u00f3 que &#8220;la estaci\u00f3n hab\u00eda sido pr\u00e1cticamente saqueada&#8221;, con el instrumento, las bater\u00edas, los paneles solares, cables y todo el equipo desaparecido. Este equipo es de enorme importancia para los estudios cient\u00edficos que se realizan en el <a href=\"https:\/\/www.sismologia.cl\/\">Centro Sismol\u00f3gico Nacional<\/a>.<\/p>\n<p>En cuanto a la vandalizaci\u00f3n en San Antonio, desde el CSN denunciaron el robo de placas solares. Esto provoca que la bater\u00eda del instrumento no pueda ser cargada adecuadamente y por lo tanto no funcionar\u00e1 correctamente. &#8220;Entonces, eso nos produce un da\u00f1o tremendo si llega a ocurrir un evento s\u00edsmico que no podamos registrar&#8221;, apunt\u00f3 Barrientos.<\/p>\n<p>Finalmente, el director hizo un llamado a la gente para que &#8220;no nos haga este tipo de da\u00f1o, porque nos estamos haciendo un da\u00f1o completo como sociedad&#8221;.<\/p>\n","protected":false},"excerpt":{"rendered":"<p>Desde el Centro Sismol\u00f3gico Nacional de la Universidad de Chile (CSN) se denunci\u00f3 que sus estaciones en Antofagasta y San Antonio fueron vandalizadas en noviembre. En el caso de Antofagasta, incluso se sustrajo un aceler\u00f3grafo sin uso comercial, buscado ahora por el CSN. Sergio Barrientos, director del centro, explic\u00f3 que &#8220;estos aceler\u00f3grafos miden la aceleraci\u00f3n [&hellip;]<\/p>\n","protected":false},"author":2,"featured_media":21024,"comment_status":"closed","ping_status":"open","sticky":false,"template":"","format":"standard","meta":{"_jetpack_memberships_contains_paid_content":false,"jnews-multi-image_gallery":[],"jnews_single_post":[],"jnews_primary_category":[],"jnews_social_meta":[],"jnews_paywall_metabox":[],"jnews_review":[],"enable_review":"","type":"","name":"","summary":"","brand":"","sku":"","good":[],"bad":[],"score_override":"","override_value":"","rating":[],"price":[],"jnews_override_counter":[],"jnews_post_split":[],"footnotes":""},"categories":[21],"tags":[],"class_list":["post-21025","post","type-post","status-publish","format-standard","has-post-thumbnail","hentry","category-nacional"],"jetpack_featured_media_url":"https:\/\/laserenaradio.cl\/web\/wp-content\/uploads\/2025\/11\/homepiaiextractoscrapimg_predeterminadalaserenaradio_nacional-34.webp","jetpack_sharing_enabled":true,"_links":{"self":[{"href":"https:\/\/laserenaradio.cl\/web\/wp-json\/wp\/v2\/posts\/21025","targetHints":{"allow":["GET"]}}],"collection":[{"href":"https:\/\/laserenaradio.cl\/web\/wp-json\/wp\/v2\/posts"}],"about":[{"href":"https:\/\/laserenaradio.cl\/web\/wp-json\/wp\/v2\/types\/post"}],"author":[{"embeddable":true,"href":"https:\/\/laserenaradio.cl\/web\/wp-json\/wp\/v2\/users\/2"}],"replies":[{"embeddable":true,"href":"https:\/\/laserenaradio.cl\/web\/wp-json\/wp\/v2\/comments?post=21025"}],"version-history":[{"count":1,"href":"https:\/\/laserenaradio.cl\/web\/wp-json\/wp\/v2\/posts\/21025\/revisions"}],"predecessor-version":[{"id":21026,"href":"https:\/\/laserenaradio.cl\/web\/wp-json\/wp\/v2\/posts\/21025\/revisions\/21026"}],"wp:featuredmedia":[{"embeddable":true,"href":"https:\/\/laserenaradio.cl\/web\/wp-json\/wp\/v2\/media\/21024"}],"wp:attachment":[{"href":"https:\/\/laserenaradio.cl\/web\/wp-json\/wp\/v2\/media?parent=21025"}],"wp:term":[{"taxonomy":"category","embeddable":true,"href":"https:\/\/laserenaradio.cl\/web\/wp-json\/wp\/v2\/categories?post=21025"},{"taxonomy":"post_tag","embeddable":true,"href":"https:\/\/laserenaradio.cl\/web\/wp-json\/wp\/v2\/tags?post=21025"}],"curies":[{"name":"wp","href":"https:\/\/api.w.org\/{rel}","templated":true}]}}