{"id":21022,"date":"2025-11-19T15:32:06","date_gmt":"2025-11-19T18:32:06","guid":{"rendered":"https:\/\/laserenaradio.cl\/web\/?p=21022"},"modified":"2025-11-19T15:32:06","modified_gmt":"2025-11-19T18:32:06","slug":"expulsan-a-69-extranjeros-en-vuelo-charter-a-colombia-y-peru","status":"publish","type":"post","link":"https:\/\/laserenaradio.cl\/web\/2025\/11\/19\/expulsan-a-69-extranjeros-en-vuelo-charter-a-colombia-y-peru\/","title":{"rendered":"Expulsan a 69 extranjeros en vuelo ch\u00e1rter a Colombia y Per\u00fa."},"content":{"rendered":"<p>El Servicio Nacional de Migraciones (Sermig) y la Polic\u00eda de Investigaciones (<a href=\"https:\/\/www.pdichile.cl\/\">PDI<\/a>) ejecutaron la expulsi\u00f3n de 69 extranjeros en un vuelo ch\u00e1rter hacia Colombia y Per\u00fa. Hasta noviembre de 2025, m\u00e1s de mil personas han sido removidas del pa\u00eds.<\/p>\n<p>Luis Eduardo Thayer, director nacional de Migraciones, indic\u00f3 que desde el inicio del gobierno de Gabriel Boric, se han expulsado a m\u00e1s de 4 mil extranjeros en 22 vuelos ch\u00e1rter y cientos de vuelos comerciales. &#8220;Posteriormente al impulso de la ley 21.325, hemos fortalecido la normativa migratoria para potenciar los procesos de expulsi\u00f3n&#8221;, dijo Thayer.<\/p>\n<p>En las mismas operaciones, Polly Ureta Aburto, jefa de la Prefectura de Migraciones y Polic\u00eda Internacional Metropolitana, report\u00f3 que 49 extranjeros eran colombianos y 20 peruanos. &#8220;Estos extranjeros ten\u00edan expedientes judiciales o administrativos vigentes por delitos como homicidio, violaci\u00f3n, robo, contrabando y delitos relacionados con las drogas&#8221;, detall\u00f3 Aburto.<\/p>\n<p>En 2025, Sermig y <a href=\"https:\/\/www.pdichile.cl\/\">PDI<\/a> han logrado expulsar a 1.068 personas desde el territorio nacional; 828 por causas administrativas y 240 por sentencias judiciales. &#8220;Estos vuelos ch\u00e1rter son cruciales para cumplir con la legislaci\u00f3n migratoria y garantizar la seguridad&#8221;, concluy\u00f3 Thayer.<\/p>\n","protected":false},"excerpt":{"rendered":"<p>El Servicio Nacional de Migraciones (Sermig) y la Polic\u00eda de Investigaciones (PDI) ejecutaron la expulsi\u00f3n de 69 extranjeros en un vuelo ch\u00e1rter hacia Colombia y Per\u00fa. Hasta noviembre de 2025, m\u00e1s de mil personas han sido removidas del pa\u00eds. Luis Eduardo Thayer, director nacional de Migraciones, indic\u00f3 que desde el inicio del gobierno de Gabriel [&hellip;]<\/p>\n","protected":false},"author":2,"featured_media":21021,"comment_status":"closed","ping_status":"open","sticky":false,"template":"","format":"standard","meta":{"_jetpack_memberships_contains_paid_content":false,"jnews-multi-image_gallery":[],"jnews_single_post":[],"jnews_primary_category":[],"jnews_social_meta":[],"jnews_paywall_metabox":[],"jnews_review":[],"enable_review":"","type":"","name":"","summary":"","brand":"","sku":"","good":[],"bad":[],"score_override":"","override_value":"","rating":[],"price":[],"jnews_override_counter":[],"jnews_post_split":[],"footnotes":""},"categories":[21],"tags":[],"class_list":["post-21022","post","type-post","status-publish","format-standard","has-post-thumbnail","hentry","category-nacional"],"jetpack_featured_media_url":"https:\/\/laserenaradio.cl\/web\/wp-content\/uploads\/2025\/11\/homepiaiextractoscrapimg_webpExpulsanColombia_0.webp","jetpack_sharing_enabled":true,"_links":{"self":[{"href":"https:\/\/laserenaradio.cl\/web\/wp-json\/wp\/v2\/posts\/21022","targetHints":{"allow":["GET"]}}],"collection":[{"href":"https:\/\/laserenaradio.cl\/web\/wp-json\/wp\/v2\/posts"}],"about":[{"href":"https:\/\/laserenaradio.cl\/web\/wp-json\/wp\/v2\/types\/post"}],"author":[{"embeddable":true,"href":"https:\/\/laserenaradio.cl\/web\/wp-json\/wp\/v2\/users\/2"}],"replies":[{"embeddable":true,"href":"https:\/\/laserenaradio.cl\/web\/wp-json\/wp\/v2\/comments?post=21022"}],"version-history":[{"count":1,"href":"https:\/\/laserenaradio.cl\/web\/wp-json\/wp\/v2\/posts\/21022\/revisions"}],"predecessor-version":[{"id":21023,"href":"https:\/\/laserenaradio.cl\/web\/wp-json\/wp\/v2\/posts\/21022\/revisions\/21023"}],"wp:featuredmedia":[{"embeddable":true,"href":"https:\/\/laserenaradio.cl\/web\/wp-json\/wp\/v2\/media\/21021"}],"wp:attachment":[{"href":"https:\/\/laserenaradio.cl\/web\/wp-json\/wp\/v2\/media?parent=21022"}],"wp:term":[{"taxonomy":"category","embeddable":true,"href":"https:\/\/laserenaradio.cl\/web\/wp-json\/wp\/v2\/categories?post=21022"},{"taxonomy":"post_tag","embeddable":true,"href":"https:\/\/laserenaradio.cl\/web\/wp-json\/wp\/v2\/tags?post=21022"}],"curies":[{"name":"wp","href":"https:\/\/api.w.org\/{rel}","templated":true}]}}