{"id":21013,"date":"2025-11-19T15:04:00","date_gmt":"2025-11-19T18:04:00","guid":{"rendered":"https:\/\/laserenaradio.cl\/web\/?p=21013"},"modified":"2025-11-19T15:04:00","modified_gmt":"2025-11-19T18:04:00","slug":"condenan-a-lideres-de-banda-que-transportaba-droga-escondida-en-platanos","status":"publish","type":"post","link":"https:\/\/laserenaradio.cl\/web\/2025\/11\/19\/condenan-a-lideres-de-banda-que-transportaba-droga-escondida-en-platanos\/","title":{"rendered":"Condenan a l\u00edderes de banda que transportaba droga escondida en pl\u00e1tanos"},"content":{"rendered":"<p>El Sexto Tribunal Oral en lo Penal de Santiago conden\u00f3 a tres l\u00edderes de una organizaci\u00f3n criminal que coordinaba la internaci\u00f3n de droga desde Ecuador, escondida en cajones de pl\u00e1tanos. El traslado y entrega del cargamento fue seguido por un agente encubierto de la polic\u00eda.<\/p>\n<p>Las penas alcanzan los 15 a\u00f1os de presidio efectivo m\u00e1s multas y las inhabilitaciones legales. La historia se remonta a 2021, cuando una banda operaba desde la c\u00e1rcel, utilizando un contenedor mar\u00edtimo con cajas de pl\u00e1tanos y un agente encubierto que particip\u00f3 en reuniones, entregas pactadas y autos prestados.<\/p>\n<p>Seg\u00fan el fallo, Jos\u00e9 Minuche Serrano, Jorge Alvarado C\u00e1rdenas y Jos\u00e9 Guam\u00e1n Navarro \u2014todos cumpliendo condenas previas\u2014 coordinaban desde abril de 2021 el ingreso de aproximadamente 150 kilos de droga desde Ecuador. El cargamento viaj\u00f3 escondido en cajas de pl\u00e1tanos de la marca Jaslin, dentro de un contenedor que arrib\u00f3 al puerto de San Antonio a bordo del buque Guayaquil Express.<\/p>\n<p>En la Plaza de Armas y calle Beauchef, en Santiago, el agente encubierto sostuvo reuniones con los brazos operativos de la banda. Este plan narco se vino abajo durante una entrega controlada, cuando la polic\u00eda sorprendi\u00f3 a los involucrados trasladando maletas y bolsos repletos de paquetes envueltos en cinta adhesiva: 121,6 kilogramos de marihuana y 5,9 kilogramos de coca\u00edna.<\/p>\n<p>Por su participaci\u00f3n directa en la operaci\u00f3n, el tribunal conden\u00f3 a Jonathan Bran Pi\u00f1eros y Gilberto Pi\u00f1eros Salda\u00f1a a 6 a\u00f1os de c\u00e1rcel. Kevin Reinoso Godoy y Mat\u00edas S\u00e1ez Hoffens recibieron 4 a\u00f1os, ya cumplidos por el tiempo que estuvieron en prisi\u00f3n preventiva.<\/p>\n<p>El tribunal dio por acreditado, m\u00e1s all\u00e1 de toda duda razonable, que los acusados coordinaron la internaci\u00f3n de droga desde Ecuador, remiti\u00e9ndola v\u00eda mar\u00edtima oculta en un cargamento de pl\u00e1tanos y contando para ello con diversos brazos operativos.<\/p>\n<p>En contraste, el Sexto TOP de Santiago absolvi\u00f3 a Jhon Brayan Valencia Gil y Cristi\u00e1n Arboleda Cifuentes al no acreditarse su participaci\u00f3n en la operaci\u00f3n. El tribunal orden\u00f3 adem\u00e1s el comiso de los veh\u00edculos utilizados y la toma de muestras de ADN de todos los condenados una vez que el fallo quede ejecutoriado.<\/p>\n","protected":false},"excerpt":{"rendered":"<p>El Sexto Tribunal Oral en lo Penal de Santiago conden\u00f3 a tres l\u00edderes de una organizaci\u00f3n criminal que coordinaba la internaci\u00f3n de droga desde Ecuador, escondida en cajones de pl\u00e1tanos. El traslado y entrega del cargamento fue seguido por un agente encubierto de la polic\u00eda. Las penas alcanzan los 15 a\u00f1os de presidio efectivo m\u00e1s [&hellip;]<\/p>\n","protected":false},"author":2,"featured_media":21012,"comment_status":"closed","ping_status":"open","sticky":false,"template":"","format":"standard","meta":{"_jetpack_memberships_contains_paid_content":false,"jnews-multi-image_gallery":[],"jnews_single_post":[],"jnews_primary_category":[],"jnews_social_meta":[],"jnews_paywall_metabox":[],"jnews_review":[],"enable_review":"","type":"","name":"","summary":"","brand":"","sku":"","good":[],"bad":[],"score_override":"","override_value":"","rating":[],"price":[],"jnews_override_counter":[],"jnews_post_split":[],"footnotes":""},"categories":[21],"tags":[],"class_list":["post-21013","post","type-post","status-publish","format-standard","has-post-thumbnail","hentry","category-nacional"],"jetpack_featured_media_url":"https:\/\/laserenaradio.cl\/web\/wp-content\/uploads\/2025\/11\/homepiaiextractoscrapimg_webpdrogaSantiagoEcuador_1.webp","jetpack_sharing_enabled":true,"_links":{"self":[{"href":"https:\/\/laserenaradio.cl\/web\/wp-json\/wp\/v2\/posts\/21013","targetHints":{"allow":["GET"]}}],"collection":[{"href":"https:\/\/laserenaradio.cl\/web\/wp-json\/wp\/v2\/posts"}],"about":[{"href":"https:\/\/laserenaradio.cl\/web\/wp-json\/wp\/v2\/types\/post"}],"author":[{"embeddable":true,"href":"https:\/\/laserenaradio.cl\/web\/wp-json\/wp\/v2\/users\/2"}],"replies":[{"embeddable":true,"href":"https:\/\/laserenaradio.cl\/web\/wp-json\/wp\/v2\/comments?post=21013"}],"version-history":[{"count":1,"href":"https:\/\/laserenaradio.cl\/web\/wp-json\/wp\/v2\/posts\/21013\/revisions"}],"predecessor-version":[{"id":21014,"href":"https:\/\/laserenaradio.cl\/web\/wp-json\/wp\/v2\/posts\/21013\/revisions\/21014"}],"wp:featuredmedia":[{"embeddable":true,"href":"https:\/\/laserenaradio.cl\/web\/wp-json\/wp\/v2\/media\/21012"}],"wp:attachment":[{"href":"https:\/\/laserenaradio.cl\/web\/wp-json\/wp\/v2\/media?parent=21013"}],"wp:term":[{"taxonomy":"category","embeddable":true,"href":"https:\/\/laserenaradio.cl\/web\/wp-json\/wp\/v2\/categories?post=21013"},{"taxonomy":"post_tag","embeddable":true,"href":"https:\/\/laserenaradio.cl\/web\/wp-json\/wp\/v2\/tags?post=21013"}],"curies":[{"name":"wp","href":"https:\/\/api.w.org\/{rel}","templated":true}]}}