{"id":21007,"date":"2025-11-19T14:51:24","date_gmt":"2025-11-19T17:51:24","guid":{"rendered":"https:\/\/laserenaradio.cl\/web\/?p=21007"},"modified":"2025-11-19T14:51:24","modified_gmt":"2025-11-19T17:51:24","slug":"denuncia-de-transfobia-laboral-y-suicidio-de-periodista-tras-desvinculacion-injustificada","status":"publish","type":"post","link":"https:\/\/laserenaradio.cl\/web\/2025\/11\/19\/denuncia-de-transfobia-laboral-y-suicidio-de-periodista-tras-desvinculacion-injustificada\/","title":{"rendered":"Denuncia de transfobia laboral y suicidio de periodista tras desvinculaci\u00f3n injustificada."},"content":{"rendered":"<p>La ministra Ximena Aguilera orden\u00f3 una investigaci\u00f3n tras la denuncia de Sol Millacura Hern\u00e1ndez, periodista despedida y posteriormente fallecida, por transfobia laboral. Seg\u00fan la agrupaci\u00f3n Movilh, Millacura acus\u00f3 a la Seremi de Salud de Valpara\u00edso de vulnerar sus derechos debido a su identidad de g\u00e9nero. <\/p>\n<p>Millacura fue desvinculada en marzo, luego de advertir problemas laborales relacionados con su identidad. En una demanda presentada por tutela laboral, afirm\u00f3 que le habr\u00edan pedido hablar con ella \u201cpara que no utilizase ciertas vestimentas\u201d. Adem\u00e1s, comenz\u00f3 a ser excluida gradualmente de actividades en terreno, lo que se atribuy\u00f3 a su forma de vestir y hablar.<\/p>\n<p>Aguilera confirm\u00f3 la solicitud de recabar antecedentes para esclarecer las denuncias. La subsecretaria Andrea Albagli inform\u00f3 sobre la iniciaci\u00f3n de una intervenci\u00f3n de contenci\u00f3n emocional para los equipos afectados, sin emitir declaraciones adicionales respecto a la investigaci\u00f3n.<\/p>\n<p>Desde el Movilh valoraron la r\u00e1pida respuesta del Ministerio, considerando el caso uno de los m\u00e1s graves de transfobia laboral conocidos en Chile. La Seremi de Salud lament\u00f3 el fallecimiento y expres\u00f3 su disposici\u00f3n para colaborar con las indagaciones, destacando la necesidad de una investigaci\u00f3n transparente.<\/p>\n","protected":false},"excerpt":{"rendered":"<p>La ministra Ximena Aguilera orden\u00f3 una investigaci\u00f3n tras la denuncia de Sol Millacura Hern\u00e1ndez, periodista despedida y posteriormente fallecida, por transfobia laboral. Seg\u00fan la agrupaci\u00f3n Movilh, Millacura acus\u00f3 a la Seremi de Salud de Valpara\u00edso de vulnerar sus derechos debido a su identidad de g\u00e9nero. Millacura fue desvinculada en marzo, luego de advertir problemas laborales [&hellip;]<\/p>\n","protected":false},"author":2,"featured_media":21006,"comment_status":"closed","ping_status":"open","sticky":false,"template":"","format":"standard","meta":{"_jetpack_memberships_contains_paid_content":false,"jnews-multi-image_gallery":[],"jnews_single_post":[],"jnews_primary_category":[],"jnews_social_meta":[],"jnews_paywall_metabox":[],"jnews_review":[],"enable_review":"","type":"","name":"","summary":"","brand":"","sku":"","good":[],"bad":[],"score_override":"","override_value":"","rating":[],"price":[],"jnews_override_counter":[],"jnews_post_split":[],"footnotes":""},"categories":[21],"tags":[],"class_list":["post-21007","post","type-post","status-publish","format-standard","has-post-thumbnail","hentry","category-nacional"],"jetpack_featured_media_url":"https:\/\/laserenaradio.cl\/web\/wp-content\/uploads\/2025\/11\/homepiaiextractoscrapimg_predeterminadalaserenaradio_nacional-33.webp","jetpack_sharing_enabled":true,"_links":{"self":[{"href":"https:\/\/laserenaradio.cl\/web\/wp-json\/wp\/v2\/posts\/21007","targetHints":{"allow":["GET"]}}],"collection":[{"href":"https:\/\/laserenaradio.cl\/web\/wp-json\/wp\/v2\/posts"}],"about":[{"href":"https:\/\/laserenaradio.cl\/web\/wp-json\/wp\/v2\/types\/post"}],"author":[{"embeddable":true,"href":"https:\/\/laserenaradio.cl\/web\/wp-json\/wp\/v2\/users\/2"}],"replies":[{"embeddable":true,"href":"https:\/\/laserenaradio.cl\/web\/wp-json\/wp\/v2\/comments?post=21007"}],"version-history":[{"count":1,"href":"https:\/\/laserenaradio.cl\/web\/wp-json\/wp\/v2\/posts\/21007\/revisions"}],"predecessor-version":[{"id":21008,"href":"https:\/\/laserenaradio.cl\/web\/wp-json\/wp\/v2\/posts\/21007\/revisions\/21008"}],"wp:featuredmedia":[{"embeddable":true,"href":"https:\/\/laserenaradio.cl\/web\/wp-json\/wp\/v2\/media\/21006"}],"wp:attachment":[{"href":"https:\/\/laserenaradio.cl\/web\/wp-json\/wp\/v2\/media?parent=21007"}],"wp:term":[{"taxonomy":"category","embeddable":true,"href":"https:\/\/laserenaradio.cl\/web\/wp-json\/wp\/v2\/categories?post=21007"},{"taxonomy":"post_tag","embeddable":true,"href":"https:\/\/laserenaradio.cl\/web\/wp-json\/wp\/v2\/tags?post=21007"}],"curies":[{"name":"wp","href":"https:\/\/api.w.org\/{rel}","templated":true}]}}