{"id":20998,"date":"2025-11-18T20:27:27","date_gmt":"2025-11-18T23:27:27","guid":{"rendered":"https:\/\/laserenaradio.cl\/web\/?p=20998"},"modified":"2025-11-18T20:27:27","modified_gmt":"2025-11-18T23:27:27","slug":"aprobacion-del-nuevo-aeropuerto-de-vina-del-mar","status":"publish","type":"post","link":"https:\/\/laserenaradio.cl\/web\/2025\/11\/18\/aprobacion-del-nuevo-aeropuerto-de-vina-del-mar\/","title":{"rendered":"Aprobaci\u00f3n del nuevo aeropuerto de Vi\u00f1a del Mar."},"content":{"rendered":"<p>Este martes, la Comisi\u00f3n de Evaluaci\u00f3n Ambiental (Coeva) dio luz verde a las obras del nuevo aeropuerto de Vi\u00f1a del Mar. La novedad provino de la aprobaci\u00f3n de la Declaraci\u00f3n de Impacto Ambiental, que entreg\u00f3 su veredicto con una votaci\u00f3n favorable y un\u00e1nime.<\/p>\n<p>Se trata de obras sobre el actual aer\u00f3dromo de Torquemada en Conc\u00f3n, el cual ser\u00e1 renovado a trav\u00e9s de un proyecto de ampliaci\u00f3n y mejoramiento de las instalaciones. Tras la aprobaci\u00f3n, se espera que en 2026 se liciten las obras y estas comiencen hacia fines del mismo a\u00f1o. Con todo, se prev\u00e9 su apertura en 2031.<\/p>\n<p>La iniciativa fue anunciada por el presidente Gabriel Boric en 2024, durante una visita a la regi\u00f3n de Valpara\u00edso. Seg\u00fan explic\u00f3 el <a href=\"http:\/\/www.mop.cl\/\">Ministerio de Obras P\u00fablicas<\/a>, el objetivo es facilitar el acceso a vuelos comerciales nacionales y eventualmente internacionales para los habitantes de la regi\u00f3n de Valpara\u00edso.<\/p>\n<p>Se espera que en alg\u00fan momento el terminal a\u00e9reo pueda recibir vuelos desde y hasta Buenos Aires, Argentina. El proyecto representa una inversi\u00f3n de US$ 43,6 millones y se proyecta que transporte a 500 mil pasajeros al a\u00f1o, cantidad que podr\u00eda aumentar a unos 900 mil hacia 2045.<\/p>\n<p>En una primera etapa, las obras del futuro aeropuerto de Vi\u00f1a del Mar se abocar\u00e1n a la construcci\u00f3n del terminal a\u00e9reo, que superar\u00e1 los 4 mil m\u00b2. En una segunda etapa, vendr\u00eda la ampliaci\u00f3n y ensanche de la pista existente hasta 1.950 metros y 45 metros.<\/p>\n","protected":false},"excerpt":{"rendered":"<p>Este martes, la Comisi\u00f3n de Evaluaci\u00f3n Ambiental (Coeva) dio luz verde a las obras del nuevo aeropuerto de Vi\u00f1a del Mar. La novedad provino de la aprobaci\u00f3n de la Declaraci\u00f3n de Impacto Ambiental, que entreg\u00f3 su veredicto con una votaci\u00f3n favorable y un\u00e1nime. Se trata de obras sobre el actual aer\u00f3dromo de Torquemada en Conc\u00f3n, [&hellip;]<\/p>\n","protected":false},"author":2,"featured_media":20997,"comment_status":"closed","ping_status":"open","sticky":false,"template":"","format":"standard","meta":{"_jetpack_memberships_contains_paid_content":false,"jnews-multi-image_gallery":[],"jnews_single_post":[],"jnews_primary_category":[],"jnews_social_meta":[],"jnews_paywall_metabox":[],"jnews_review":[],"enable_review":"","type":"","name":"","summary":"","brand":"","sku":"","good":[],"bad":[],"score_override":"","override_value":"","rating":[],"price":[],"jnews_override_counter":[],"jnews_post_split":[],"footnotes":""},"categories":[21],"tags":[],"class_list":["post-20998","post","type-post","status-publish","format-standard","has-post-thumbnail","hentry","category-nacional"],"jetpack_featured_media_url":"https:\/\/laserenaradio.cl\/web\/wp-content\/uploads\/2025\/11\/homepiaiextractoscrapimg_predeterminadalaserenaradio_nacional-32.webp","jetpack_sharing_enabled":true,"_links":{"self":[{"href":"https:\/\/laserenaradio.cl\/web\/wp-json\/wp\/v2\/posts\/20998","targetHints":{"allow":["GET"]}}],"collection":[{"href":"https:\/\/laserenaradio.cl\/web\/wp-json\/wp\/v2\/posts"}],"about":[{"href":"https:\/\/laserenaradio.cl\/web\/wp-json\/wp\/v2\/types\/post"}],"author":[{"embeddable":true,"href":"https:\/\/laserenaradio.cl\/web\/wp-json\/wp\/v2\/users\/2"}],"replies":[{"embeddable":true,"href":"https:\/\/laserenaradio.cl\/web\/wp-json\/wp\/v2\/comments?post=20998"}],"version-history":[{"count":1,"href":"https:\/\/laserenaradio.cl\/web\/wp-json\/wp\/v2\/posts\/20998\/revisions"}],"predecessor-version":[{"id":20999,"href":"https:\/\/laserenaradio.cl\/web\/wp-json\/wp\/v2\/posts\/20998\/revisions\/20999"}],"wp:featuredmedia":[{"embeddable":true,"href":"https:\/\/laserenaradio.cl\/web\/wp-json\/wp\/v2\/media\/20997"}],"wp:attachment":[{"href":"https:\/\/laserenaradio.cl\/web\/wp-json\/wp\/v2\/media?parent=20998"}],"wp:term":[{"taxonomy":"category","embeddable":true,"href":"https:\/\/laserenaradio.cl\/web\/wp-json\/wp\/v2\/categories?post=20998"},{"taxonomy":"post_tag","embeddable":true,"href":"https:\/\/laserenaradio.cl\/web\/wp-json\/wp\/v2\/tags?post=20998"}],"curies":[{"name":"wp","href":"https:\/\/api.w.org\/{rel}","templated":true}]}}