{"id":20983,"date":"2025-11-18T20:09:00","date_gmt":"2025-11-18T23:09:00","guid":{"rendered":"https:\/\/laserenaradio.cl\/web\/?p=20983"},"modified":"2025-11-18T20:09:00","modified_gmt":"2025-11-18T23:09:00","slug":"prision-preventiva-para-cuatro-integrantes-del-tren-de-aragua-por-secuestros-y-homicidios","status":"publish","type":"post","link":"https:\/\/laserenaradio.cl\/web\/2025\/11\/18\/prision-preventiva-para-cuatro-integrantes-del-tren-de-aragua-por-secuestros-y-homicidios\/","title":{"rendered":"Prisi\u00f3n preventiva para cuatro integrantes del Tren de Aragua por secuestros y homicidios."},"content":{"rendered":"<p>Este martes se formaliz\u00f3 y se decret\u00f3 la prisi\u00f3n preventiva para cuatro sujetos, tres venezolanos y un colombiano, de &#8220;Los Mapaches&#8221;, facci\u00f3n del Tren de Aragua. Estos imputados est\u00e1n relacionados con dos secuestros y homicidios ocurridos en la regi\u00f3n Metropolitana en marzo, sum\u00e1ndose a seis raptos ligados a los imputados que pertenecen a la facci\u00f3n criminal.<\/p>\n<p>El fiscal preferente ECOH, Milibor Bugue\u00f1o, describi\u00f3 la medida cautelar m\u00e1s gravosa aplicada a los imputados como un &#8220;peligro para la seguridad de la sociedad&#8221;. Se estableci\u00f3 un plazo com\u00fan de investigaci\u00f3n de 120 d\u00edas. Los cuatro formalizados ya hab\u00edan enfrentado la justicia por otros delitos de secuestro ocurridos principalmente en la regi\u00f3n Metropolitana.<\/p>\n<p>En el primer hecho, un grupo armado de al menos diez personas irrumpi\u00f3 en un domicilio usado como punto de venta de drogas buscando a un sujeto apodado &#8220;Lul\u00fa&#8221;. Al no hallarlo, retuvieron a una mujer desde la toma Millant\u00fa, en Puente Alto, el 5 de marzo. Ella fue subida a la fuerza a un veh\u00edculo y mantenida en cautiverio en una casa de Estaci\u00f3n Central conocida como &#8220;Nogales&#8221;, donde seg\u00fan la v\u00edctima no fue agredida f\u00edsicamente, pero s\u00ed retenida en contra de su voluntad.<\/p>\n<p>En el segundo hecho formalizado, se imput\u00f3 un homicidio y un secuestro con homicidio en San Bernardo. Primero asesinaron a una persona que neg\u00f3 colaborar con la banda criminal. Luego, secuestraron al sujeto conocido como &#8220;Lul\u00fa&#8221;, pareja de la primera v\u00edctima. Fue sacado de su domicilio y llevado a la misma casa de cautiverio en Estaci\u00f3n Central, siendo finalmente asesinado en Malloa, regi\u00f3n de O\u2019Higgins.<\/p>\n<p>El fiscal Bugue\u00f1o explic\u00f3 que en marzo hubo distintas investigaciones por secuestros y se empez\u00f3 a verificar que hab\u00eda una misma banda detr\u00e1s. Las t\u00e9cnicas utilizadas incluyeron c\u00e1maras, declaraciones, georreferenciaciones y triangulaci\u00f3n de veh\u00edculos. Adem\u00e1s, se realizaron pericias bal\u00edsticas e incautaci\u00f3n de tel\u00e9fonos celulares en las detenciones.<\/p>\n<p>Estos cuatro sujetos fueron formalizados por los hechos ocurridos esos dos d\u00edas, pero ya hab\u00edan sido formalizados por otros secuestros. Uno de ellos ocurri\u00f3 en abril, cuando se rapt\u00f3 a un menor de siete a\u00f1os, acumulando seis secuestros vinculados a los imputados.<\/p>\n<p>Adem\u00e1s, estos individuos forman parte de los 19 imputados formalizados pertenecientes a la facci\u00f3n &#8220;Los Mapaches&#8221;. La organizaci\u00f3n criminal opera en grupo con distribuci\u00f3n de funciones. El objetivo en ambos casos era tratar de ubicar a otras personas que eran blancos de inter\u00e9s para ellos, en virtud de estos mismos secuestros; a ambos los llevaban a la misma casa de cautiverio, que corresponder\u00eda a una casa de Estaci\u00f3n Central, donde tambi\u00e9n estuvieron otras v\u00edctimas.<\/p>\n","protected":false},"excerpt":{"rendered":"<p>Este martes se formaliz\u00f3 y se decret\u00f3 la prisi\u00f3n preventiva para cuatro sujetos, tres venezolanos y un colombiano, de &#8220;Los Mapaches&#8221;, facci\u00f3n del Tren de Aragua. Estos imputados est\u00e1n relacionados con dos secuestros y homicidios ocurridos en la regi\u00f3n Metropolitana en marzo, sum\u00e1ndose a seis raptos ligados a los imputados que pertenecen a la facci\u00f3n [&hellip;]<\/p>\n","protected":false},"author":2,"featured_media":20982,"comment_status":"closed","ping_status":"open","sticky":false,"template":"","format":"standard","meta":{"_jetpack_memberships_contains_paid_content":false,"jnews-multi-image_gallery":[],"jnews_single_post":[],"jnews_primary_category":[],"jnews_social_meta":[],"jnews_paywall_metabox":[],"jnews_review":[],"enable_review":"","type":"","name":"","summary":"","brand":"","sku":"","good":[],"bad":[],"score_override":"","override_value":"","rating":[],"price":[],"jnews_override_counter":[],"jnews_post_split":[],"footnotes":""},"categories":[21],"tags":[],"class_list":["post-20983","post","type-post","status-publish","format-standard","has-post-thumbnail","hentry","category-nacional"],"jetpack_featured_media_url":"https:\/\/laserenaradio.cl\/web\/wp-content\/uploads\/2025\/11\/homepiaiextractoscrapimg_webpsecuestrosimputadoscuatroformalizados_0.webp","jetpack_sharing_enabled":true,"_links":{"self":[{"href":"https:\/\/laserenaradio.cl\/web\/wp-json\/wp\/v2\/posts\/20983","targetHints":{"allow":["GET"]}}],"collection":[{"href":"https:\/\/laserenaradio.cl\/web\/wp-json\/wp\/v2\/posts"}],"about":[{"href":"https:\/\/laserenaradio.cl\/web\/wp-json\/wp\/v2\/types\/post"}],"author":[{"embeddable":true,"href":"https:\/\/laserenaradio.cl\/web\/wp-json\/wp\/v2\/users\/2"}],"replies":[{"embeddable":true,"href":"https:\/\/laserenaradio.cl\/web\/wp-json\/wp\/v2\/comments?post=20983"}],"version-history":[{"count":1,"href":"https:\/\/laserenaradio.cl\/web\/wp-json\/wp\/v2\/posts\/20983\/revisions"}],"predecessor-version":[{"id":20984,"href":"https:\/\/laserenaradio.cl\/web\/wp-json\/wp\/v2\/posts\/20983\/revisions\/20984"}],"wp:featuredmedia":[{"embeddable":true,"href":"https:\/\/laserenaradio.cl\/web\/wp-json\/wp\/v2\/media\/20982"}],"wp:attachment":[{"href":"https:\/\/laserenaradio.cl\/web\/wp-json\/wp\/v2\/media?parent=20983"}],"wp:term":[{"taxonomy":"category","embeddable":true,"href":"https:\/\/laserenaradio.cl\/web\/wp-json\/wp\/v2\/categories?post=20983"},{"taxonomy":"post_tag","embeddable":true,"href":"https:\/\/laserenaradio.cl\/web\/wp-json\/wp\/v2\/tags?post=20983"}],"curies":[{"name":"wp","href":"https:\/\/api.w.org\/{rel}","templated":true}]}}