{"id":20965,"date":"2025-11-18T09:52:50","date_gmt":"2025-11-18T12:52:50","guid":{"rendered":"https:\/\/laserenaradio.cl\/web\/?p=20965"},"modified":"2025-11-18T09:52:50","modified_gmt":"2025-11-18T12:52:50","slug":"mayol-rechaza-acusaciones-de-manipulacion-de-encuestas-2","status":"publish","type":"post","link":"https:\/\/laserenaradio.cl\/web\/2025\/11\/18\/mayol-rechaza-acusaciones-de-manipulacion-de-encuestas-2\/","title":{"rendered":"Mayol rechaza acusaciones de manipulaci\u00f3n de encuestas"},"content":{"rendered":"<p>En medio de un creciente debate sobre el rol de las encuestas tras las \u00faltimas elecciones, Alberto Mayol, analista y acad\u00e9mico, reaccion\u00f3 a las duras cr\u00edticas del excandidato presidencial Franco Parisi. Este \u00faltimo acus\u00f3 p\u00fablicamente a diversos encuestadores de &#8220;manipular&#8221; datos e operar pol\u00edticamente.<\/p>\n<p>Parisi calific\u00f3 a Mayol, Cadem y Roberto Izikson como &#8220;terroristas de la encuesta&#8221;, afirmando que &#8220;nos manipularon las encuestas&#8221; y que esa supuesta distorsi\u00f3n habr\u00eda perjudicado su desempe\u00f1o electoral. Incluso, sostuvo que su candidatura habr\u00eda sido afectada por la percepci\u00f3n de &#8220;voto perdido&#8221;.<\/p>\n<p>Al respecto, Mayol respondi\u00f3 reconociendo parcialmente uno de los puntos planteados por Parisi sobre los sondeos: &#8220;Tiene raz\u00f3n en ese punto. Las encuestas se han usado como mecanismo, en Chile y muchas partes, para levantar y bajar candidaturas. Son una herramienta electoral&#8221;. Sin embargo, advirti\u00f3 que existen l\u00edmites claros en las acusaciones que se pueden realizar sin pruebas: &#8220;Est\u00e1 en el l\u00edmite, no solo impropia moralmente, sino que fuera de la ley&#8221;, asegur\u00f3, a\u00f1adiendo que ser\u00eda una calumnia.<\/p>\n<p>El soci\u00f3logo defendi\u00f3 con vehemencia el trabajo desarrollado por el equipo de La Cosa Nostra y rechaz\u00f3 categ\u00f3ricamente cualquier alteraci\u00f3n deliberada de los resultados: &#8220;Dice que manipulamos los datos y eso es grav\u00edsimo. Yo me estoy jugando un prestigio y vengo a defender lo que hemos trabajado. Entonces me parece vergonzoso que alguien diga algo as\u00ed&#8221;. Mayol incluso ofreci\u00f3 abrir sus bases metodol\u00f3gicas para despejar dudas: &#8220;Se lo digo directamente a Franco Parisi: descarto por completo cualquier tipo de manipulaci\u00f3n. Pudiera ver mis bases de datos; las puedo enviar a alg\u00fan correo&#8230; lo que quiera&#8221;.<\/p>\n<p>Finalmente, hizo un llamado a respetar la labor de los profesionales que trabajan con datos y an\u00e1lisis pol\u00edtico: &#8220;Creo que los profesionales, frente a personas que tienen un micr\u00f3fono con cadena nacional, tienen que ser respetados&#8221;.<\/p>\n","protected":false},"excerpt":{"rendered":"<p>En medio de un creciente debate sobre el rol de las encuestas tras las \u00faltimas elecciones, Alberto Mayol, analista y acad\u00e9mico, reaccion\u00f3 a las duras cr\u00edticas del excandidato presidencial Franco Parisi. Este \u00faltimo acus\u00f3 p\u00fablicamente a diversos encuestadores de &#8220;manipular&#8221; datos e operar pol\u00edticamente. Parisi calific\u00f3 a Mayol, Cadem y Roberto Izikson como &#8220;terroristas de [&hellip;]<\/p>\n","protected":false},"author":2,"featured_media":20964,"comment_status":"closed","ping_status":"open","sticky":false,"template":"","format":"standard","meta":{"_jetpack_memberships_contains_paid_content":false,"jnews-multi-image_gallery":[],"jnews_single_post":[],"jnews_primary_category":[],"jnews_social_meta":[],"jnews_paywall_metabox":[],"jnews_review":[],"enable_review":"","type":"","name":"","summary":"","brand":"","sku":"","good":[],"bad":[],"score_override":"","override_value":"","rating":[],"price":[],"jnews_override_counter":[],"jnews_post_split":[],"footnotes":""},"categories":[21],"tags":[],"class_list":["post-20965","post","type-post","status-publish","format-standard","has-post-thumbnail","hentry","category-nacional"],"jetpack_featured_media_url":"https:\/\/laserenaradio.cl\/web\/wp-content\/uploads\/2025\/11\/homepiaiextractoscrapimg_webpdatosMayolsobre_1-1.webp","jetpack_sharing_enabled":true,"_links":{"self":[{"href":"https:\/\/laserenaradio.cl\/web\/wp-json\/wp\/v2\/posts\/20965","targetHints":{"allow":["GET"]}}],"collection":[{"href":"https:\/\/laserenaradio.cl\/web\/wp-json\/wp\/v2\/posts"}],"about":[{"href":"https:\/\/laserenaradio.cl\/web\/wp-json\/wp\/v2\/types\/post"}],"author":[{"embeddable":true,"href":"https:\/\/laserenaradio.cl\/web\/wp-json\/wp\/v2\/users\/2"}],"replies":[{"embeddable":true,"href":"https:\/\/laserenaradio.cl\/web\/wp-json\/wp\/v2\/comments?post=20965"}],"version-history":[{"count":1,"href":"https:\/\/laserenaradio.cl\/web\/wp-json\/wp\/v2\/posts\/20965\/revisions"}],"predecessor-version":[{"id":20966,"href":"https:\/\/laserenaradio.cl\/web\/wp-json\/wp\/v2\/posts\/20965\/revisions\/20966"}],"wp:featuredmedia":[{"embeddable":true,"href":"https:\/\/laserenaradio.cl\/web\/wp-json\/wp\/v2\/media\/20964"}],"wp:attachment":[{"href":"https:\/\/laserenaradio.cl\/web\/wp-json\/wp\/v2\/media?parent=20965"}],"wp:term":[{"taxonomy":"category","embeddable":true,"href":"https:\/\/laserenaradio.cl\/web\/wp-json\/wp\/v2\/categories?post=20965"},{"taxonomy":"post_tag","embeddable":true,"href":"https:\/\/laserenaradio.cl\/web\/wp-json\/wp\/v2\/tags?post=20965"}],"curies":[{"name":"wp","href":"https:\/\/api.w.org\/{rel}","templated":true}]}}