{"id":20938,"date":"2025-11-17T13:14:24","date_gmt":"2025-11-17T16:14:24","guid":{"rendered":"https:\/\/laserenaradio.cl\/web\/?p=20938"},"modified":"2025-11-17T13:14:24","modified_gmt":"2025-11-17T16:14:24","slug":"homicidio-en-motel-de-ovalle-pdi-investiga-el-delito","status":"publish","type":"post","link":"https:\/\/laserenaradio.cl\/web\/2025\/11\/17\/homicidio-en-motel-de-ovalle-pdi-investiga-el-delito\/","title":{"rendered":"Homicidio en motel de Ovalle: PDI investiga el delito."},"content":{"rendered":"<p>En Ovalle, regi\u00f3n de Coquimbo, la Polic\u00eda de Investigaciones (<a href=\"https:\/\/www.pdichile.cl\/\">PDI<\/a>) investiga un homicidio de un hombre de 22 a\u00f1os dentro de un motel.<\/p>\n<p>Seg\u00fan el subprefecto Jos\u00e9 C\u00e1ceres, jefe de la Brigada de Homicidios La Serena, &#8220;por instrucci\u00f3n del Ministerio P\u00fablico y en conjunto con el equipo ECOH, estamos desarrollando las primeras diligencias por un homicidio con arma de fuego ocurrido al interior de un motel de la comuna de Ovalle&#8221;.<\/p>\n<p>A esta hora nuestro personal realiza el trabajo cient\u00edfico-t\u00e9cnico en el sitio del suceso para establecer la din\u00e1mica del delito y establecer las responsabilidades, complement\u00f3.<\/p>\n<p>De acuerdo a los antecedentes preliminares, el ataque ocurri\u00f3 durante la madrugada, cuando los individuos ingresaron directamente a la caba\u00f1a donde estaba la v\u00edctima y le dispararon, provoc\u00e1ndole la muerte en el lugar.<\/p>\n<p>La <a href=\"https:\/\/www.pdichile.cl\/\">PDI<\/a> contin\u00faa con las diligencias para esclarecer el hecho e identificar a los responsables.<\/p>\n","protected":false},"excerpt":{"rendered":"<p>En Ovalle, regi\u00f3n de Coquimbo, la Polic\u00eda de Investigaciones (PDI) investiga un homicidio de un hombre de 22 a\u00f1os dentro de un motel. Seg\u00fan el subprefecto Jos\u00e9 C\u00e1ceres, jefe de la Brigada de Homicidios La Serena, &#8220;por instrucci\u00f3n del Ministerio P\u00fablico y en conjunto con el equipo ECOH, estamos desarrollando las primeras diligencias por un [&hellip;]<\/p>\n","protected":false},"author":2,"featured_media":20937,"comment_status":"closed","ping_status":"open","sticky":false,"template":"","format":"standard","meta":{"_jetpack_memberships_contains_paid_content":false,"jnews-multi-image_gallery":[],"jnews_single_post":[],"jnews_primary_category":[],"jnews_social_meta":[],"jnews_paywall_metabox":[],"jnews_review":[],"enable_review":"","type":"","name":"","summary":"","brand":"","sku":"","good":[],"bad":[],"score_override":"","override_value":"","rating":[],"price":[],"jnews_override_counter":[],"jnews_post_split":[],"footnotes":""},"categories":[21],"tags":[],"class_list":["post-20938","post","type-post","status-publish","format-standard","has-post-thumbnail","hentry","category-nacional"],"jetpack_featured_media_url":"https:\/\/laserenaradio.cl\/web\/wp-content\/uploads\/2025\/11\/homepiaiextractoscrapimg_predeterminadalaserenaradio_ultimo_minuto-3.webp","jetpack_sharing_enabled":true,"_links":{"self":[{"href":"https:\/\/laserenaradio.cl\/web\/wp-json\/wp\/v2\/posts\/20938","targetHints":{"allow":["GET"]}}],"collection":[{"href":"https:\/\/laserenaradio.cl\/web\/wp-json\/wp\/v2\/posts"}],"about":[{"href":"https:\/\/laserenaradio.cl\/web\/wp-json\/wp\/v2\/types\/post"}],"author":[{"embeddable":true,"href":"https:\/\/laserenaradio.cl\/web\/wp-json\/wp\/v2\/users\/2"}],"replies":[{"embeddable":true,"href":"https:\/\/laserenaradio.cl\/web\/wp-json\/wp\/v2\/comments?post=20938"}],"version-history":[{"count":1,"href":"https:\/\/laserenaradio.cl\/web\/wp-json\/wp\/v2\/posts\/20938\/revisions"}],"predecessor-version":[{"id":20939,"href":"https:\/\/laserenaradio.cl\/web\/wp-json\/wp\/v2\/posts\/20938\/revisions\/20939"}],"wp:featuredmedia":[{"embeddable":true,"href":"https:\/\/laserenaradio.cl\/web\/wp-json\/wp\/v2\/media\/20937"}],"wp:attachment":[{"href":"https:\/\/laserenaradio.cl\/web\/wp-json\/wp\/v2\/media?parent=20938"}],"wp:term":[{"taxonomy":"category","embeddable":true,"href":"https:\/\/laserenaradio.cl\/web\/wp-json\/wp\/v2\/categories?post=20938"},{"taxonomy":"post_tag","embeddable":true,"href":"https:\/\/laserenaradio.cl\/web\/wp-json\/wp\/v2\/tags?post=20938"}],"curies":[{"name":"wp","href":"https:\/\/api.w.org\/{rel}","templated":true}]}}