{"id":20926,"date":"2025-11-16T19:58:26","date_gmt":"2025-11-16T22:58:26","guid":{"rendered":"https:\/\/laserenaradio.cl\/web\/?p=20926"},"modified":"2025-11-16T19:58:26","modified_gmt":"2025-11-16T22:58:26","slug":"transporte-publico-funciona-normalmente-en-chile-excepto-en-una-region","status":"publish","type":"post","link":"https:\/\/laserenaradio.cl\/web\/2025\/11\/16\/transporte-publico-funciona-normalmente-en-chile-excepto-en-una-region\/","title":{"rendered":"Transporte p\u00fablico funciona normalmente en Chile, excepto en una regi\u00f3n"},"content":{"rendered":"<p>Desde el <a href=\"http:\/\/www.mtt.gob.cl\/\">Ministerio de Transportes y Telecomunicaciones<\/a> informaron una exitosa jornada en servicios p\u00fablicos de transportes durante el domingo. A excepci\u00f3n de la regi\u00f3n de Los Lagos, donde se present\u00f3 un evento menor, pr\u00e1cticamente todo el pa\u00eds funcion\u00f3 normalmente. En Los Lagos, una lancha fue reemplazada sin mayores problemas, aunque hubo algunas esperas. Otros servicios experimentaron menores cambios en horarios, acordados entre usuarios y operadores de transporte.<\/p>\n<p>A dos horas de cerrar las mesas de votaci\u00f3n, Red Movilidad report\u00f3 un 48% m\u00e1s de buses circulando en la capital en comparaci\u00f3n con un d\u00eda regular. En el servicio del Metro, se observ\u00f3 un aumento de afluencia, con un 47% m\u00e1s de usuarios que un domingo com\u00fan hasta las 15:00 horas. EFE confirm\u00f3 un incremento en la capacidad del servicio, con un 38% m\u00e1s en comparaci\u00f3n con la \u00faltima elecci\u00f3n, celebrada en octubre de 2024.<\/p>\n<p>La Unidad Operativa de Control de Tr\u00e1nsito inform\u00f3 que la red semaforizada ha operado sin mayores incidencias a nivel nacional. M\u00e1s de 200 funcionarios han estado fiscalizando desde las 08:00 horas, identificando pocos problemas.<\/p>\n","protected":false},"excerpt":{"rendered":"<p>Desde el Ministerio de Transportes y Telecomunicaciones informaron una exitosa jornada en servicios p\u00fablicos de transportes durante el domingo. A excepci\u00f3n de la regi\u00f3n de Los Lagos, donde se present\u00f3 un evento menor, pr\u00e1cticamente todo el pa\u00eds funcion\u00f3 normalmente. En Los Lagos, una lancha fue reemplazada sin mayores problemas, aunque hubo algunas esperas. Otros servicios [&hellip;]<\/p>\n","protected":false},"author":2,"featured_media":20925,"comment_status":"closed","ping_status":"open","sticky":false,"template":"","format":"standard","meta":{"_jetpack_memberships_contains_paid_content":false,"jnews-multi-image_gallery":[],"jnews_single_post":[],"jnews_primary_category":[],"jnews_social_meta":[],"jnews_paywall_metabox":[],"jnews_review":[],"enable_review":"","type":"","name":"","summary":"","brand":"","sku":"","good":[],"bad":[],"score_override":"","override_value":"","rating":[],"price":[],"jnews_override_counter":[],"jnews_post_split":[],"footnotes":""},"categories":[21],"tags":[],"class_list":["post-20926","post","type-post","status-publish","format-standard","has-post-thumbnail","hentry","category-nacional"],"jetpack_featured_media_url":"https:\/\/laserenaradio.cl\/web\/wp-content\/uploads\/2025\/11\/homepiaiextractoscrapimg_webpTransporteChile_0.webp","jetpack_sharing_enabled":true,"_links":{"self":[{"href":"https:\/\/laserenaradio.cl\/web\/wp-json\/wp\/v2\/posts\/20926","targetHints":{"allow":["GET"]}}],"collection":[{"href":"https:\/\/laserenaradio.cl\/web\/wp-json\/wp\/v2\/posts"}],"about":[{"href":"https:\/\/laserenaradio.cl\/web\/wp-json\/wp\/v2\/types\/post"}],"author":[{"embeddable":true,"href":"https:\/\/laserenaradio.cl\/web\/wp-json\/wp\/v2\/users\/2"}],"replies":[{"embeddable":true,"href":"https:\/\/laserenaradio.cl\/web\/wp-json\/wp\/v2\/comments?post=20926"}],"version-history":[{"count":1,"href":"https:\/\/laserenaradio.cl\/web\/wp-json\/wp\/v2\/posts\/20926\/revisions"}],"predecessor-version":[{"id":20927,"href":"https:\/\/laserenaradio.cl\/web\/wp-json\/wp\/v2\/posts\/20926\/revisions\/20927"}],"wp:featuredmedia":[{"embeddable":true,"href":"https:\/\/laserenaradio.cl\/web\/wp-json\/wp\/v2\/media\/20925"}],"wp:attachment":[{"href":"https:\/\/laserenaradio.cl\/web\/wp-json\/wp\/v2\/media?parent=20926"}],"wp:term":[{"taxonomy":"category","embeddable":true,"href":"https:\/\/laserenaradio.cl\/web\/wp-json\/wp\/v2\/categories?post=20926"},{"taxonomy":"post_tag","embeddable":true,"href":"https:\/\/laserenaradio.cl\/web\/wp-json\/wp\/v2\/tags?post=20926"}],"curies":[{"name":"wp","href":"https:\/\/api.w.org\/{rel}","templated":true}]}}