{"id":20920,"date":"2025-11-16T18:19:25","date_gmt":"2025-11-16T21:19:25","guid":{"rendered":"https:\/\/laserenaradio.cl\/web\/?p=20920"},"modified":"2025-11-16T18:19:25","modified_gmt":"2025-11-16T21:19:25","slug":"la-direccion-del-trabajo-aplico-multas-por-mas-de-57-millones-de-pesos-durante-las-elecciones","status":"publish","type":"post","link":"https:\/\/laserenaradio.cl\/web\/2025\/11\/16\/la-direccion-del-trabajo-aplico-multas-por-mas-de-57-millones-de-pesos-durante-las-elecciones\/","title":{"rendered":"La Direcci\u00f3n del Trabajo aplic\u00f3 multas por m\u00e1s de 57 millones de pesos durante las elecciones."},"content":{"rendered":"<p>La <a href=\"http:\/\/www.dt.gob.cl\/\">Direcci\u00f3n del Trabajo<\/a> (DT) aplic\u00f3 22 multas por m\u00e1s de 57 millones de pesos durante las elecciones presidenciales y parlamentarias, en fiscalizaci\u00f3n del derecho a sufragio. Esto se realiz\u00f3 para supervisar el feriado de trabajadores y trabajadoras de malls y strip center.<\/p>\n<p>\u201cObviamente, siempre esperar\u00edamos no tener que infraccionar estas normas que son muy conocidas. Sin embargo, desde temprano estuvimos en todo el pa\u00eds recibiendo las denuncias e hicimos 61 fiscalizaciones. As\u00ed es que en ese sentido hemos realizado la labor que nos corresponde\u201d, se\u00f1al\u00f3 el director del Trabajo, Sergio Santib\u00e1\u00f1ez.<\/p>\n<p>En detalle, las fiscalizaciones terminaron con multas por un monto de $57.372.600 y 111 suspensiones de turnos para no respetar el feriado regido por una raz\u00f3n social \u00fanica. Asimismo, fueron suspendidos los turnos de 111 trabajadores y trabajadoras.<\/p>\n<p>En espec\u00edfico, las regiones con trabajadores suspendidos fueron: Metropolitana (55), Los Lagos (19), \u00d1uble (16), Valpara\u00edso (15), Maule (5) y La Araucan\u00eda (1).<\/p>\n","protected":false},"excerpt":{"rendered":"<p>La Direcci\u00f3n del Trabajo (DT) aplic\u00f3 22 multas por m\u00e1s de 57 millones de pesos durante las elecciones presidenciales y parlamentarias, en fiscalizaci\u00f3n del derecho a sufragio. Esto se realiz\u00f3 para supervisar el feriado de trabajadores y trabajadoras de malls y strip center. \u201cObviamente, siempre esperar\u00edamos no tener que infraccionar estas normas que son muy [&hellip;]<\/p>\n","protected":false},"author":2,"featured_media":20919,"comment_status":"closed","ping_status":"open","sticky":false,"template":"","format":"standard","meta":{"_jetpack_memberships_contains_paid_content":false,"jnews-multi-image_gallery":[],"jnews_single_post":[],"jnews_primary_category":[],"jnews_social_meta":[],"jnews_paywall_metabox":[],"jnews_review":[],"enable_review":"","type":"","name":"","summary":"","brand":"","sku":"","good":[],"bad":[],"score_override":"","override_value":"","rating":[],"price":[],"jnews_override_counter":[],"jnews_post_split":[],"footnotes":""},"categories":[21],"tags":[],"class_list":["post-20920","post","type-post","status-publish","format-standard","has-post-thumbnail","hentry","category-nacional"],"jetpack_featured_media_url":"https:\/\/laserenaradio.cl\/web\/wp-content\/uploads\/2025\/11\/homepiaiextractoscrapimg_predeterminadalaserenaradio_nacional-29.webp","jetpack_sharing_enabled":true,"_links":{"self":[{"href":"https:\/\/laserenaradio.cl\/web\/wp-json\/wp\/v2\/posts\/20920","targetHints":{"allow":["GET"]}}],"collection":[{"href":"https:\/\/laserenaradio.cl\/web\/wp-json\/wp\/v2\/posts"}],"about":[{"href":"https:\/\/laserenaradio.cl\/web\/wp-json\/wp\/v2\/types\/post"}],"author":[{"embeddable":true,"href":"https:\/\/laserenaradio.cl\/web\/wp-json\/wp\/v2\/users\/2"}],"replies":[{"embeddable":true,"href":"https:\/\/laserenaradio.cl\/web\/wp-json\/wp\/v2\/comments?post=20920"}],"version-history":[{"count":1,"href":"https:\/\/laserenaradio.cl\/web\/wp-json\/wp\/v2\/posts\/20920\/revisions"}],"predecessor-version":[{"id":20921,"href":"https:\/\/laserenaradio.cl\/web\/wp-json\/wp\/v2\/posts\/20920\/revisions\/20921"}],"wp:featuredmedia":[{"embeddable":true,"href":"https:\/\/laserenaradio.cl\/web\/wp-json\/wp\/v2\/media\/20919"}],"wp:attachment":[{"href":"https:\/\/laserenaradio.cl\/web\/wp-json\/wp\/v2\/media?parent=20920"}],"wp:term":[{"taxonomy":"category","embeddable":true,"href":"https:\/\/laserenaradio.cl\/web\/wp-json\/wp\/v2\/categories?post=20920"},{"taxonomy":"post_tag","embeddable":true,"href":"https:\/\/laserenaradio.cl\/web\/wp-json\/wp\/v2\/tags?post=20920"}],"curies":[{"name":"wp","href":"https:\/\/api.w.org\/{rel}","templated":true}]}}