{"id":20887,"date":"2025-11-16T11:15:53","date_gmt":"2025-11-16T14:15:53","guid":{"rendered":"https:\/\/laserenaradio.cl\/web\/?p=20887"},"modified":"2025-11-16T11:15:53","modified_gmt":"2025-11-16T14:15:53","slug":"vivanco-acusa-show-mediatico-y-maltrato-institucional","status":"publish","type":"post","link":"https:\/\/laserenaradio.cl\/web\/2025\/11\/16\/vivanco-acusa-show-mediatico-y-maltrato-institucional\/","title":{"rendered":"Vivanco acusa &#8216;show medi\u00e1tico&#8217; y maltrato institucional"},"content":{"rendered":"<p>\u00c1ngela Vivanco, exministra de la Corte Suprema, denunci\u00f3 un &#8220;show medi\u00e1tico&#8221; en torno al caso Mu\u00f1eca Bielorrusa y asegur\u00f3 haber sido maltratada. Al llegar a votar en el Colegio Las Condes, fue abordada por periodistas que la consultaron sobre el proceso judicial. Este s\u00e1bado, el S\u00e9ptimo Juzgado de Garant\u00eda de Santiago orden\u00f3 prisi\u00f3n preventiva para su pareja Gonzalo Migueles y los abogados Mario Vargas y Eduardo Lagos.<\/p>\n<p>&#8220;No se hacen estas cosas de entrar a una casa con perros&#8221;, expres\u00f3 Vivanco, quien se\u00f1al\u00f3 que un perro olfateaba dinero en su domicilio. &#8220;En la caja fuerte hab\u00edan dos collarcitos m\u00edos y pasaportes, nada m\u00e1s. Todo esto es un show medi\u00e1tico, es para hacer un show&#8221;, declar\u00f3.<\/p>\n<p>Vivanco defendi\u00f3 su inocencia en el caso que investiga delitos de cohecho, soborno y lavado de activos relacionados con siete fallos de la Corte Suprema beneficiando al consorcio chileno-bielorruso Belaz Movitec. El litigio oblig\u00f3 a Codelco a desembolsar m\u00e1s de $17.500 millones entre 2023 y 2024.<\/p>\n<p>&#8220;Entr\u00e9 al Poder Judicial para colaborar en la administraci\u00f3n de justicia&#8221;, sostuvo Vivanco, quien describi\u00f3 su carrera acad\u00e9mica y profesional. &#8220;Es una mala imagen que alguien que trat\u00f3 de colaborar sea declarado culpable antes del juicio. Siento haber sido maltratada&#8221;, agreg\u00f3.<\/p>\n<p>Hasta el momento, Vivanco no ha sido formalizada. El Ministerio P\u00fablico present\u00f3 una querella en su contra, y la <a href=\"https:\/\/www.fiscaliadechile.cl\/\">Fiscal\u00eda<\/a> Regional de Los Lagos podr\u00eda presentar cargos si la Corte de Apelaciones de Santiago lo permite, seg\u00fan confirm\u00f3 Carmen Gloria Wittwer, fiscal del caso.<\/p>\n","protected":false},"excerpt":{"rendered":"<p>\u00c1ngela Vivanco, exministra de la Corte Suprema, denunci\u00f3 un &#8220;show medi\u00e1tico&#8221; en torno al caso Mu\u00f1eca Bielorrusa y asegur\u00f3 haber sido maltratada. Al llegar a votar en el Colegio Las Condes, fue abordada por periodistas que la consultaron sobre el proceso judicial. Este s\u00e1bado, el S\u00e9ptimo Juzgado de Garant\u00eda de Santiago orden\u00f3 prisi\u00f3n preventiva para [&hellip;]<\/p>\n","protected":false},"author":2,"featured_media":20886,"comment_status":"closed","ping_status":"open","sticky":false,"template":"","format":"standard","meta":{"_jetpack_memberships_contains_paid_content":false,"jnews-multi-image_gallery":[],"jnews_single_post":[],"jnews_primary_category":[],"jnews_social_meta":[],"jnews_paywall_metabox":[],"jnews_review":[],"enable_review":"","type":"","name":"","summary":"","brand":"","sku":"","good":[],"bad":[],"score_override":"","override_value":"","rating":[],"price":[],"jnews_override_counter":[],"jnews_post_split":[],"footnotes":""},"categories":[21],"tags":[],"class_list":["post-20887","post","type-post","status-publish","format-standard","has-post-thumbnail","hentry","category-nacional"],"jetpack_featured_media_url":"https:\/\/laserenaradio.cl\/web\/wp-content\/uploads\/2025\/11\/homepiaiextractoscrapimg_webpshowcasoCorteSuprema_0.webp","jetpack_sharing_enabled":true,"_links":{"self":[{"href":"https:\/\/laserenaradio.cl\/web\/wp-json\/wp\/v2\/posts\/20887","targetHints":{"allow":["GET"]}}],"collection":[{"href":"https:\/\/laserenaradio.cl\/web\/wp-json\/wp\/v2\/posts"}],"about":[{"href":"https:\/\/laserenaradio.cl\/web\/wp-json\/wp\/v2\/types\/post"}],"author":[{"embeddable":true,"href":"https:\/\/laserenaradio.cl\/web\/wp-json\/wp\/v2\/users\/2"}],"replies":[{"embeddable":true,"href":"https:\/\/laserenaradio.cl\/web\/wp-json\/wp\/v2\/comments?post=20887"}],"version-history":[{"count":1,"href":"https:\/\/laserenaradio.cl\/web\/wp-json\/wp\/v2\/posts\/20887\/revisions"}],"predecessor-version":[{"id":20888,"href":"https:\/\/laserenaradio.cl\/web\/wp-json\/wp\/v2\/posts\/20887\/revisions\/20888"}],"wp:featuredmedia":[{"embeddable":true,"href":"https:\/\/laserenaradio.cl\/web\/wp-json\/wp\/v2\/media\/20886"}],"wp:attachment":[{"href":"https:\/\/laserenaradio.cl\/web\/wp-json\/wp\/v2\/media?parent=20887"}],"wp:term":[{"taxonomy":"category","embeddable":true,"href":"https:\/\/laserenaradio.cl\/web\/wp-json\/wp\/v2\/categories?post=20887"},{"taxonomy":"post_tag","embeddable":true,"href":"https:\/\/laserenaradio.cl\/web\/wp-json\/wp\/v2\/tags?post=20887"}],"curies":[{"name":"wp","href":"https:\/\/api.w.org\/{rel}","templated":true}]}}