{"id":20749,"date":"2025-11-10T19:04:54","date_gmt":"2025-11-10T22:04:54","guid":{"rendered":"https:\/\/laserenaradio.cl\/web\/?p=20749"},"modified":"2025-11-10T19:04:54","modified_gmt":"2025-11-10T22:04:54","slug":"franco-parisi-propone-a-ruben-martinez-como-ministro-del-deporte","status":"publish","type":"post","link":"https:\/\/laserenaradio.cl\/web\/2025\/11\/10\/franco-parisi-propone-a-ruben-martinez-como-ministro-del-deporte\/","title":{"rendered":"Franco Parisi propone a Rub\u00e9n Mart\u00ednez como Ministro del Deporte."},"content":{"rendered":"<p>A menos de una semana para las elecciones presidenciales, Franco Parisi est\u00e1 dando de qu\u00e9 hablar con sus propuestas para el <a href=\"https:\/\/www.mindep.cl\/home\">Ministerio del Deporte<\/a>. Un exgoleador hist\u00f3rico de Colo Colo y campe\u00f3n de Am\u00e9rica con los albos en 1991 podr\u00eda ser la primera opci\u00f3n para ocupar el cargo de ministro.<\/p>\n<p>El nombre de Rub\u00e9n Mart\u00ednez, sin duda, es una referencia obligada para los fan\u00e1ticos del f\u00fatbol chileno. El exdelantero, quien brill\u00f3 en Colo Colo durante su \u00e9poca dorada, es recordado como uno de los goleadores m\u00e1s prol\u00edficos de fines de los 80 y principios de los 90.<\/p>\n<p>En di\u00e1logo con La Tercera, el l\u00edder del Partido de La Gente (PDG) coment\u00f3 que &#8220;tenemos a Rub\u00e9n Mart\u00ednez, tremendo goleador de Colo Colo &#8217;91, al Pato Briones (ex basquetbolista) y a Beatriz Marinello, primera mujer presidenta del ajedrez en Estados Unidos&#8221;.<\/p>\n<p>El otrora artillero es en la actualidad candidato a diputado del PDG por la Regi\u00f3n del Maule. &#8220;Creo en una pol\u00edtica que escuche, que act\u00fae y que devuelva la dignidad a las personas. El deporte es solo una parte, pero una parte fundamental, para avanzar hacia un Chile m\u00e1s sano, m\u00e1s fuerte y m\u00e1s unido&#8221;, dijo en su oportunidad.<\/p>\n<p>Paris\u00ed dej\u00f3 claro que a\u00fan no est\u00e1 tomada una determinaci\u00f3n definitiva. &#8220;La decisi\u00f3n no est\u00e1 cerrada e incluso hay una cuarta opci\u00f3n (para ministro)&#8221;, se\u00f1al\u00f3. Y a\u00f1adi\u00f3 una propuesta m\u00e1s pragm\u00e1tica: &#8220;Promover a alguien que trabaje actualmente en el <a href=\"https:\/\/www.mindep.cl\/home\">Ministerio del Deporte<\/a>, que no sea facha ni comunacha&#8221;.<\/p>\n<p>Esta declaraci\u00f3n muestra la intenci\u00f3n de Parisi de mantener abiertas las opciones y elegir a una persona con experiencia en el \u00e1rea, pero sin caer en etiquetas ideol\u00f3gicas.<\/p>\n","protected":false},"excerpt":{"rendered":"<p>A menos de una semana para las elecciones presidenciales, Franco Parisi est\u00e1 dando de qu\u00e9 hablar con sus propuestas para el Ministerio del Deporte. Un exgoleador hist\u00f3rico de Colo Colo y campe\u00f3n de Am\u00e9rica con los albos en 1991 podr\u00eda ser la primera opci\u00f3n para ocupar el cargo de ministro. El nombre de Rub\u00e9n Mart\u00ednez, [&hellip;]<\/p>\n","protected":false},"author":2,"featured_media":20748,"comment_status":"closed","ping_status":"open","sticky":false,"template":"","format":"standard","meta":{"_jetpack_memberships_contains_paid_content":false,"jnews-multi-image_gallery":[],"jnews_single_post":[],"jnews_primary_category":[],"jnews_social_meta":[],"jnews_paywall_metabox":[],"jnews_review":[],"enable_review":"","type":"","name":"","summary":"","brand":"","sku":"","good":[],"bad":[],"score_override":"","override_value":"","rating":[],"price":[],"jnews_override_counter":[],"jnews_post_split":[],"footnotes":""},"categories":[84],"tags":[],"class_list":["post-20749","post","type-post","status-publish","format-standard","has-post-thumbnail","hentry","category-deportes"],"jetpack_featured_media_url":"https:\/\/laserenaradio.cl\/web\/wp-content\/uploads\/2025\/11\/homepiaiextractoscrapimg_webpDeporteColoColoFrancoParisimindep_1.webp","jetpack_sharing_enabled":true,"_links":{"self":[{"href":"https:\/\/laserenaradio.cl\/web\/wp-json\/wp\/v2\/posts\/20749","targetHints":{"allow":["GET"]}}],"collection":[{"href":"https:\/\/laserenaradio.cl\/web\/wp-json\/wp\/v2\/posts"}],"about":[{"href":"https:\/\/laserenaradio.cl\/web\/wp-json\/wp\/v2\/types\/post"}],"author":[{"embeddable":true,"href":"https:\/\/laserenaradio.cl\/web\/wp-json\/wp\/v2\/users\/2"}],"replies":[{"embeddable":true,"href":"https:\/\/laserenaradio.cl\/web\/wp-json\/wp\/v2\/comments?post=20749"}],"version-history":[{"count":1,"href":"https:\/\/laserenaradio.cl\/web\/wp-json\/wp\/v2\/posts\/20749\/revisions"}],"predecessor-version":[{"id":20750,"href":"https:\/\/laserenaradio.cl\/web\/wp-json\/wp\/v2\/posts\/20749\/revisions\/20750"}],"wp:featuredmedia":[{"embeddable":true,"href":"https:\/\/laserenaradio.cl\/web\/wp-json\/wp\/v2\/media\/20748"}],"wp:attachment":[{"href":"https:\/\/laserenaradio.cl\/web\/wp-json\/wp\/v2\/media?parent=20749"}],"wp:term":[{"taxonomy":"category","embeddable":true,"href":"https:\/\/laserenaradio.cl\/web\/wp-json\/wp\/v2\/categories?post=20749"},{"taxonomy":"post_tag","embeddable":true,"href":"https:\/\/laserenaradio.cl\/web\/wp-json\/wp\/v2\/tags?post=20749"}],"curies":[{"name":"wp","href":"https:\/\/api.w.org\/{rel}","templated":true}]}}