{"id":20725,"date":"2025-11-10T08:52:00","date_gmt":"2025-11-10T11:52:00","guid":{"rendered":"https:\/\/laserenaradio.cl\/web\/?p=20725"},"modified":"2025-11-10T08:52:00","modified_gmt":"2025-11-10T11:52:00","slug":"dolar-estadounidense-se-desploma-ante-un-posible-fin-del-cierre-de-gobierno-federal","status":"publish","type":"post","link":"https:\/\/laserenaradio.cl\/web\/2025\/11\/10\/dolar-estadounidense-se-desploma-ante-un-posible-fin-del-cierre-de-gobierno-federal\/","title":{"rendered":"D\u00f3lar estadounidense se desploma ante un posible fin del cierre de gobierno federal."},"content":{"rendered":"<p>El d\u00f3lar parti\u00f3 la semana a la baja, atento al posible fin del cierre de gobierno federal de Estados Unidos tras los acercamientos clave que se conocieron el fin de semana entre dem\u00f3cratas y republicanos. Esto liberar\u00eda una serie de datos econ\u00f3micos con potencial de impactar a los mercados.<\/p>\n<p>La paridad local bajaba $ 3,3 a $ 943,3 en la apertura de este lunes, despu\u00e9s de cerrar una semana levemente alcista. El cobre transado en Londres sub\u00eda 1% a US$ 4,91 por libra, mientras el dollar index operaba plano y las tasas de inter\u00e9s de EEUU repuntaban.<\/p>\n<p>Ocho dem\u00f3cratas moderados llegaron a un acuerdo con los republicanos para posiblemente poner fin al hist\u00f3rico shutdown de m\u00e1s de 40 d\u00edas. El Senado vot\u00f3 por 60 votos a favor y 40 en contra este fin de semana una medida procedimental para sacar adelante un proyecto de ley que ponga fin al cierre, aunque la direcci\u00f3n dem\u00f3crata ha prometido oponerse.<\/p>\n<p>La reacci\u00f3n en los mercados ha sido mixta. El d\u00f3lar ha avanzado m\u00e1s frente al yen, pero se ha debilitado frente al dollar australiano y el dollar index s\u00f3lo se ha fortalecido ligeramente. Este acuerdo a\u00fan podr\u00eda fracasar, aunque ahora parece poco probable, indic\u00f3 Derek Halpenny, jefe de estudios para la regi\u00f3n EMEA y activos internacionales en MUFG.<\/p>\n<p>Por supuesto, el fin del cierre del gobierno adelantar\u00e1 los datos de las n\u00f3minas no agr\u00edcolas que se han perdido. Dado que los datos de empleo publicados la semana pasada fueron d\u00e9biles, esto podr\u00eda frenar la reacci\u00f3n alcista del d\u00f3lar global ante el posible fin del shutdown. Sin duda, creemos que la falta de datos de empleo probablemente benefici\u00f3 al d\u00f3lar.<\/p>\n<p>Si bien hoy se retractaba parcialmente, el mercado ha ganado algo m\u00e1s de convicci\u00f3n sobre la idea de que la Reserva Federal podr\u00eda volver a recortar las tasas de inter\u00e9s en su reuni\u00f3n de diciembre. En este momento, se prev\u00e9 alrededor de dos tercios de posiblidad de que esto ocurra, seg\u00fan los precios de futuros y swaps.<\/p>\n","protected":false},"excerpt":{"rendered":"<p>El d\u00f3lar parti\u00f3 la semana a la baja, atento al posible fin del cierre de gobierno federal de Estados Unidos tras los acercamientos clave que se conocieron el fin de semana entre dem\u00f3cratas y republicanos. Esto liberar\u00eda una serie de datos econ\u00f3micos con potencial de impactar a los mercados. La paridad local bajaba $ 3,3 [&hellip;]<\/p>\n","protected":false},"author":2,"featured_media":20724,"comment_status":"closed","ping_status":"open","sticky":false,"template":"","format":"standard","meta":{"_jetpack_memberships_contains_paid_content":false,"jnews-multi-image_gallery":[],"jnews_single_post":[],"jnews_primary_category":[],"jnews_social_meta":[],"jnews_paywall_metabox":[],"jnews_review":[],"enable_review":"","type":"","name":"","summary":"","brand":"","sku":"","good":[],"bad":[],"score_override":"","override_value":"","rating":[],"price":[],"jnews_override_counter":[],"jnews_post_split":[],"footnotes":""},"categories":[85],"tags":[],"class_list":["post-20725","post","type-post","status-publish","format-standard","has-post-thumbnail","hentry","category-economia"],"jetpack_featured_media_url":"https:\/\/laserenaradio.cl\/web\/wp-content\/uploads\/2025\/11\/homepiaiextractoscrapimg_webpDolarfin_1.webp","jetpack_sharing_enabled":true,"_links":{"self":[{"href":"https:\/\/laserenaradio.cl\/web\/wp-json\/wp\/v2\/posts\/20725","targetHints":{"allow":["GET"]}}],"collection":[{"href":"https:\/\/laserenaradio.cl\/web\/wp-json\/wp\/v2\/posts"}],"about":[{"href":"https:\/\/laserenaradio.cl\/web\/wp-json\/wp\/v2\/types\/post"}],"author":[{"embeddable":true,"href":"https:\/\/laserenaradio.cl\/web\/wp-json\/wp\/v2\/users\/2"}],"replies":[{"embeddable":true,"href":"https:\/\/laserenaradio.cl\/web\/wp-json\/wp\/v2\/comments?post=20725"}],"version-history":[{"count":1,"href":"https:\/\/laserenaradio.cl\/web\/wp-json\/wp\/v2\/posts\/20725\/revisions"}],"predecessor-version":[{"id":20726,"href":"https:\/\/laserenaradio.cl\/web\/wp-json\/wp\/v2\/posts\/20725\/revisions\/20726"}],"wp:featuredmedia":[{"embeddable":true,"href":"https:\/\/laserenaradio.cl\/web\/wp-json\/wp\/v2\/media\/20724"}],"wp:attachment":[{"href":"https:\/\/laserenaradio.cl\/web\/wp-json\/wp\/v2\/media?parent=20725"}],"wp:term":[{"taxonomy":"category","embeddable":true,"href":"https:\/\/laserenaradio.cl\/web\/wp-json\/wp\/v2\/categories?post=20725"},{"taxonomy":"post_tag","embeddable":true,"href":"https:\/\/laserenaradio.cl\/web\/wp-json\/wp\/v2\/tags?post=20725"}],"curies":[{"name":"wp","href":"https:\/\/api.w.org\/{rel}","templated":true}]}}