{"id":20011,"date":"2025-10-10T17:50:34","date_gmt":"2025-10-10T20:50:34","guid":{"rendered":"https:\/\/laserenaradio.cl\/web\/?p=20011"},"modified":"2025-10-10T17:50:34","modified_gmt":"2025-10-10T20:50:34","slug":"shoa-emite-amenaza-de-tsunami-para-las-costas-de-chile-2","status":"publish","type":"post","link":"https:\/\/laserenaradio.cl\/web\/2025\/10\/10\/shoa-emite-amenaza-de-tsunami-para-las-costas-de-chile-2\/","title":{"rendered":"SHOA emite amenaza de tsunami para las costas de Chile"},"content":{"rendered":"<p><strong>La informaci\u00f3n fue publicada por el Servicio Hidrogr\u00e1fico y Oceanogr\u00e1fico de la Armada.<\/strong><!--more--><\/p>\n<p>Durante la jornada de hoy el <a href=\"https:\/\/www.snamchile.cl\/\" rel=\"nofollow\">SHOA<\/a> ha emitido un <strong>amenaza de tsunami para las costas de Chile<\/strong>.<\/p>\n<p>De acuerdo al detalle emanado desde el Servicio, un sismo ha ocurrido a <strong>275 km al nw de base frei, territorio Chileno antartico.<\/strong> a las 17:29 horas.<\/p>\n<p>Si SENAPRED ha decretado evacuaci\u00f3n preventiva, esta se mantendr\u00e1 hasta que sea cancelada.<\/p>\n<h2>Detalle del bolet\u00edn emitido por el SHOA<\/h2>\n<p>AMENAZA DE TSUNAMI PARA LA COSTA DE CHILE <br \/>\n\tBOLETIN: 001<br \/>\n\t\tEVENTO: 10\/10\/2025 17:29<br \/>\n\t\t  MAGNITUD: 7.6, 275 KM AL NW DE BASE FREI, TERRITORIO CHILENO ANTARTICO.<br \/>\n\t\tHORA RECEPCION INFORMACION 10\/10\/2025 17:36<\/p>\n<table>\n<tbody>\n<tr>\n<td>EVALUACION:<\/td>\n<\/tr>\n<tr>\n<td>BASADO EN LOS PARAMETROS PRELIMINARES DEL SISMO Y LA EVALUACION DE LA AMENAZA DE TSUNAMI EFECTUADA POR EL SNAM, SE ESTABLECEN LOS SIGUIENTES ESTADOS PARA EL TERRITORIO NACIONAL:<\/td>\n<\/tr>\n<tr>\n<td>&nbsp;<\/td>\n<\/tr>\n<\/tbody>\n<\/table>\n<table>\n<tbody>\n<tr>\n<td>\n<table>\n<tbody>\n<tr>\n<td>ARICA Y PARINACOTA<\/td>\n<td>INFORMATIVO<\/td>\n<\/tr>\n<tr>\n<td>TARAPACA<\/td>\n<td>INFORMATIVO<\/td>\n<\/tr>\n<tr>\n<td>ANTOFAGASTA NORTE (HASTA LIMITE SUR COMUNA DE MEJILLONES)<\/td>\n<td>INFORMATIVO<\/td>\n<\/tr>\n<tr>\n<td>ANTOFAGASTA SUR (DESDE LIMITE NORTE COMUNA DE ANTOFAGASTA)<\/td>\n<td>INFORMATIVO<\/td>\n<\/tr>\n<tr>\n<td>ATACAMA NORTE (HASTA LIMITE SUR PROVINCIA DE COPIAPO)<\/td>\n<td>INFORMATIVO<\/td>\n<\/tr>\n<tr>\n<td>ATACAMA SUR (DESDE LIMITE NORTE PROVINCIA DE HUASCO)<\/td>\n<td>INFORMATIVO<\/td>\n<\/tr>\n<tr>\n<td>COQUIMBO<\/td>\n<td>INFORMATIVO<\/td>\n<\/tr>\n<tr>\n<td>VALPARAISO<\/td>\n<td>INFORMATIVO<\/td>\n<\/tr>\n<tr>\n<td>ARCH. JUAN FERNANDEZ<\/td>\n<td>INFORMATIVO<\/td>\n<\/tr>\n<tr>\n<td>ISLA SAN FELIX<\/td>\n<td>INFORMATIVO<\/td>\n<\/tr>\n<tr>\n<td>ISLA DE PASCUA<\/td>\n<td>INFORMATIVO<\/td>\n<\/tr>\n<tr>\n<td>OHIGGINS<\/td>\n<td>INFORMATIVO<\/td>\n<\/tr>\n<tr>\n<td>MAULE<\/td>\n<td>INFORMATIVO<\/td>\n<\/tr>\n<tr>\n<td>&Ntilde;UBLE &#8211; BIOBIO<\/td>\n<td>INFORMATIVO<\/td>\n<\/tr>\n<tr>\n<td>ARAUCANIA<\/td>\n<td>INFORMATIVO<\/td>\n<\/tr>\n<tr>\n<td>LOS RIOS<\/td>\n<td>INFORMATIVO<\/td>\n<\/tr>\n<tr>\n<td>LOS LAGOS NORTE (DESDE LIMITE REGIONAL NORTE HASTA ISLA DONA SEBASTIANA, INCLUSIVE)<\/td>\n<td>INFORMATIVO<\/td>\n<\/tr>\n<tr>\n<td>LOS LAGOS SUR (DESDE ISLA DONA SEBASTIANA HASTA LIMITE REGIONAL SUR)<\/td>\n<td>INFORMATIVO<\/td>\n<\/tr>\n<tr>\n<td>AYSEN<\/td>\n<td>INFORMATIVO<\/td>\n<\/tr>\n<tr>\n<td>MAGALLANES<\/td>\n<td>INFORMATIVO<\/td>\n<\/tr>\n<tr>\n<td>TERRITORIO CHILENO ANTARTICO<\/td>\n<td>PRECAUCION<\/td>\n<\/tr>\n<\/tbody>\n<\/table>\n<\/td>\n<\/tr>\n<\/tbody>\n<\/table>\n<p>\n\t\tDATOS DEL SISMO:<br \/>\n\t\tUN SISMO HA OCURRIDO CON LOS SIGUIENTES PARAMETROS PRELIMINARES<br \/>\n\t\tHORA LOCAL:\t10\/10\/2025 17:29 (10\/10\/2025 20:29 U.T.C.)<br \/>\n\t\tMAGNITUD:\t7.6<br \/>\n\t\tFUENTE:\tGFZ<br \/>\n\t\tLATITUD:\t60&#176;9&#8217;S<br \/>\n\t\tLONGITUD:\t61&#176;49&#8217;W<br \/>\n\t\tREFERENCIA GEOGRAFICA:\t275 KM AL NW DE BASE FREI, TERRITORIO CHILENO ANTARTICO.<\/p>\n<table border=\"0\">\n<tr>\n<td>\n<p>SE DEBE TENER PRESENTE QUE:<\/p>\n<ul>\n<li> <\/li>\n<li>EL PROCESO DE MODELACION Y ANALISIS CON SIPAT SE EFECTUO CONSIDERANDO EL PEOR ESCENARIO PARA ESTE EVENTO<\/li>\n<li>ESTADO DE ALARMA ESTA ASOCIADO A UN TSUNAMI MAYOR.<\/li>\n<li>ESTADO DE ALERTA ESTA ASOCIADO A UN TSUNAMI INTERMEDIO.<\/li>\n<li>ESTADO DE PRECAUCION ESTA ASOCIADO A UN TSUNAMI MENOR.<\/li>\n<li>ESTADO DE INFORMATIVO ESTA ASOCIADO A UNA CONDICION SIN AMENAZA DE TSUNAMI.<\/li>\n<li>UN TSUNAMI SE MANIFIESTA POR HORAS.<\/li>\n<li>NORMALMENTE LA PRIMERA ONDA NO ES LA MAS DESTRUCTIVA.<\/li>\n<li>EN BAHIAS CERRADAS LOS EFECTOS DEL TSUNAMI SE VAN A VER AMPLIFICADOS.<\/li>\n<li>UN TSUNAMI LLEGARA A LAS COSTAS CERCANAS AL EPICENTRO POCOS MINUTOS DESPUES DEL SISMO.<\/li>\n<li>EN PUERTOS, CALETAS, ESTUARIOS Y RIOS SE PUEDEN MANIFESTAR FUERTES CORRIENTES.<\/li>\n<\/ul>\n<\/td>\n<\/tr>\n<\/table>\n<p>SERVICIO HIDROGRAFICO Y OCEANOGRAFICO DE LA ARMADA<\/p>\n","protected":false},"excerpt":{"rendered":"<p>La informaci\u00f3n fue publicada por el Servicio Hidrogr\u00e1fico y Oceanogr\u00e1fico de la Armada.<\/p>\n","protected":false},"author":2,"featured_media":20010,"comment_status":"closed","ping_status":"open","sticky":false,"template":"","format":"standard","meta":{"_jetpack_memberships_contains_paid_content":false,"jnews-multi-image_gallery":[],"jnews_single_post":[],"jnews_primary_category":[],"jnews_social_meta":[],"jnews_paywall_metabox":[],"jnews_review":[],"enable_review":"","type":"","name":"","summary":"","brand":"","sku":"","good":[],"bad":[],"score_override":"","override_value":"","rating":[],"price":[],"jnews_override_counter":[],"jnews_post_split":[],"footnotes":""},"categories":[6,5],"tags":[],"class_list":["post-20011","post","type-post","status-publish","format-standard","has-post-thumbnail","hentry","category-sismos","category-ultimo-minuto"],"jetpack_featured_media_url":"https:\/\/laserenaradio.cl\/web\/wp-content\/uploads\/2025\/10\/snam-5.webp","jetpack_sharing_enabled":true,"_links":{"self":[{"href":"https:\/\/laserenaradio.cl\/web\/wp-json\/wp\/v2\/posts\/20011","targetHints":{"allow":["GET"]}}],"collection":[{"href":"https:\/\/laserenaradio.cl\/web\/wp-json\/wp\/v2\/posts"}],"about":[{"href":"https:\/\/laserenaradio.cl\/web\/wp-json\/wp\/v2\/types\/post"}],"author":[{"embeddable":true,"href":"https:\/\/laserenaradio.cl\/web\/wp-json\/wp\/v2\/users\/2"}],"replies":[{"embeddable":true,"href":"https:\/\/laserenaradio.cl\/web\/wp-json\/wp\/v2\/comments?post=20011"}],"version-history":[{"count":1,"href":"https:\/\/laserenaradio.cl\/web\/wp-json\/wp\/v2\/posts\/20011\/revisions"}],"predecessor-version":[{"id":20012,"href":"https:\/\/laserenaradio.cl\/web\/wp-json\/wp\/v2\/posts\/20011\/revisions\/20012"}],"wp:featuredmedia":[{"embeddable":true,"href":"https:\/\/laserenaradio.cl\/web\/wp-json\/wp\/v2\/media\/20010"}],"wp:attachment":[{"href":"https:\/\/laserenaradio.cl\/web\/wp-json\/wp\/v2\/media?parent=20011"}],"wp:term":[{"taxonomy":"category","embeddable":true,"href":"https:\/\/laserenaradio.cl\/web\/wp-json\/wp\/v2\/categories?post=20011"},{"taxonomy":"post_tag","embeddable":true,"href":"https:\/\/laserenaradio.cl\/web\/wp-json\/wp\/v2\/tags?post=20011"}],"curies":[{"name":"wp","href":"https:\/\/api.w.org\/{rel}","templated":true}]}}