{"id":19339,"date":"2025-09-05T22:44:01","date_gmt":"2025-09-06T01:44:01","guid":{"rendered":"https:\/\/laserenaradio.cl\/web\/?p=19339"},"modified":"2025-09-05T22:44:01","modified_gmt":"2025-09-06T01:44:01","slug":"rn-interpela-a-gabriel-boric-para-reconsiderar-proyecto-de-aborto-libre","status":"publish","type":"post","link":"https:\/\/laserenaradio.cl\/web\/2025\/09\/05\/rn-interpela-a-gabriel-boric-para-reconsiderar-proyecto-de-aborto-libre\/","title":{"rendered":"RN interpela a Gabriel Boric para reconsiderar proyecto de aborto libre."},"content":{"rendered":"<p>Diputados de Renovaci\u00f3n Nacional (RN) interpusieron una interpelaci\u00f3n a Gabriel Boric, presidente de la Rep\u00fablica, solicit\u00e1ndole abandonar La Moneda por &#8220;la puerta ancha&#8221; y reconsiderar la urgencia al proyecto de aborto libre. A trav\u00e9s de una misiva enviada este viernes, los parlamentarios manifestaron que la propuesta parece responder m\u00e1s a l\u00f3gicas electorales que a necesidades del pa\u00eds.<\/p>\n<p>La bancada de diputados RN (representada por Frank Sauerbaum, Eduardo Dur\u00e1n y Carla Morales) asegur\u00f3 que el presidente no debe dejar su legado con &#8220;propuestas vac\u00edas de contenido y realismo pol\u00edtico&#8221;. Estos legisladores tambi\u00e9n expresaron la esperanza de que Boric no finalice su administraci\u00f3n &#8220;dejando detr\u00e1s sus credenciales democr\u00e1ticas corro\u00eddas&#8221;, en referencia a la propuesta del voto obligatorio.<\/p>\n<p>La iniciativa del aborto, seg\u00fan los diputados, responde m\u00e1s a l\u00f3gicas electorales y carece de &#8220;viabilidad pol\u00edtica&#8221; dada la proximidad al inicio de la campa\u00f1a presidencial y legislativa para las elecciones del 16 de noviembre. Estos legisladores argumentaron que la instrumentalizaci\u00f3n de herramientas constitucionales puede debilitar la seriedad institucional y desviar recursos hacia temas menos importantes.<\/p>\n<p>En la recta final de su gobierno, el presidente &#8220;debe estar a la altura del cargo y gobernar para toda Chile&#8221;, proyectando un legado m\u00e1s all\u00e1 de la l\u00f3gica del 25% que parece concentrar la agenda gubernamental. El pa\u00eds requiere &#8220;conducci\u00f3n madura, sentido de Estado y una visi\u00f3n de unidad, no debates divisivos sin respaldo ciudadano&#8221;.<\/p>\n<p>Los diputados se\u00f1alaron que el proyecto de aborto &#8220;no representa una demanda transversal de las mujeres chilenas&#8221;, ya que las mismas priorizan problemas concretos como educaci\u00f3n, vivienda, protecci\u00f3n social y salud materna. Enfatizaron que el aborto m\u00e1s all\u00e1 de las tres causales, con tan escaso apoyo ciudadano, no integra esas demandas mayoritarias.<\/p>\n<p>Finalmente, los diputados solicitaron al jefe de Estado &#8220;reconsidere el uso de urgencias legislativas para este proyecto (de aborto sin causales) y que se orienten los esfuerzos parlamentarios hacia iniciativas que respondan a las verdaderas necesidades del pa\u00eds y a las mujeres chilenas&#8221;.<\/p>\n","protected":false},"excerpt":{"rendered":"<p>Diputados de Renovaci\u00f3n Nacional (RN) interpusieron una interpelaci\u00f3n a Gabriel Boric, presidente de la Rep\u00fablica, solicit\u00e1ndole abandonar La Moneda por &#8220;la puerta ancha&#8221; y reconsiderar la urgencia al proyecto de aborto libre. A trav\u00e9s de una misiva enviada este viernes, los parlamentarios manifestaron que la propuesta parece responder m\u00e1s a l\u00f3gicas electorales que a necesidades [&hellip;]<\/p>\n","protected":false},"author":2,"featured_media":19338,"comment_status":"closed","ping_status":"open","sticky":false,"template":"","format":"standard","meta":{"_jetpack_memberships_contains_paid_content":false,"jnews-multi-image_gallery":[],"jnews_single_post":[],"jnews_primary_category":[],"jnews_social_meta":[],"jnews_paywall_metabox":[],"jnews_review":[],"enable_review":"","type":"","name":"","summary":"","brand":"","sku":"","good":[],"bad":[],"score_override":"","override_value":"","rating":[],"price":[],"jnews_override_counter":[],"jnews_post_split":[],"footnotes":""},"categories":[83],"tags":[],"class_list":["post-19339","post","type-post","status-publish","format-standard","has-post-thumbnail","hentry","category-politica"],"jetpack_featured_media_url":"https:\/\/laserenaradio.cl\/web\/wp-content\/uploads\/2025\/09\/homepiaiextractoscrapimg_webpabortoproyectodiputadospresidente_0.webp","jetpack_sharing_enabled":true,"_links":{"self":[{"href":"https:\/\/laserenaradio.cl\/web\/wp-json\/wp\/v2\/posts\/19339","targetHints":{"allow":["GET"]}}],"collection":[{"href":"https:\/\/laserenaradio.cl\/web\/wp-json\/wp\/v2\/posts"}],"about":[{"href":"https:\/\/laserenaradio.cl\/web\/wp-json\/wp\/v2\/types\/post"}],"author":[{"embeddable":true,"href":"https:\/\/laserenaradio.cl\/web\/wp-json\/wp\/v2\/users\/2"}],"replies":[{"embeddable":true,"href":"https:\/\/laserenaradio.cl\/web\/wp-json\/wp\/v2\/comments?post=19339"}],"version-history":[{"count":1,"href":"https:\/\/laserenaradio.cl\/web\/wp-json\/wp\/v2\/posts\/19339\/revisions"}],"predecessor-version":[{"id":19340,"href":"https:\/\/laserenaradio.cl\/web\/wp-json\/wp\/v2\/posts\/19339\/revisions\/19340"}],"wp:featuredmedia":[{"embeddable":true,"href":"https:\/\/laserenaradio.cl\/web\/wp-json\/wp\/v2\/media\/19338"}],"wp:attachment":[{"href":"https:\/\/laserenaradio.cl\/web\/wp-json\/wp\/v2\/media?parent=19339"}],"wp:term":[{"taxonomy":"category","embeddable":true,"href":"https:\/\/laserenaradio.cl\/web\/wp-json\/wp\/v2\/categories?post=19339"},{"taxonomy":"post_tag","embeddable":true,"href":"https:\/\/laserenaradio.cl\/web\/wp-json\/wp\/v2\/tags?post=19339"}],"curies":[{"name":"wp","href":"https:\/\/api.w.org\/{rel}","templated":true}]}}