{"id":19288,"date":"2025-09-04T19:24:51","date_gmt":"2025-09-04T22:24:51","guid":{"rendered":"https:\/\/laserenaradio.cl\/web\/?p=19288"},"modified":"2025-09-04T19:24:51","modified_gmt":"2025-09-04T22:24:51","slug":"error-de-vacunacion-en-escuela-de-la-araucania","status":"publish","type":"post","link":"https:\/\/laserenaradio.cl\/web\/2025\/09\/04\/error-de-vacunacion-en-escuela-de-la-araucania\/","title":{"rendered":"Error de vacunaci\u00f3n en escuela de La Araucan\u00eda"},"content":{"rendered":"<p>Un error program\u00e1tico provoc\u00f3 que 15 estudiantes de octavo b\u00e1sico de la Escuela Las Am\u00e9ricas de Pitrufqu\u00e9n, regi\u00f3n de La Araucan\u00eda, fueran vacunados por equivocaci\u00f3n contra el t\u00e9tano y el virus del papiloma humano (VPH), inmunizaciones destinadas habitualmente a alumnos de quinto b\u00e1sico. Seremi de Salud de La Araucan\u00eda, Andr\u00e9s Cuyul, confirm\u00f3 el hecho y se\u00f1al\u00f3 que se est\u00e1 llevando a cabo una investigaci\u00f3n para determinar las responsabilidades del Departamento de Salud Municipal.<\/p>\n<p>La autoridad destac\u00f3 que se trata de una informaci\u00f3n en desarrollo. Sin embargo, adelant\u00f3 que el centro de salud involucrado, el CECOSF Ultraestaci\u00f3n, podr\u00eda enfrentar una prohibici\u00f3n temporal de funcionamiento del vacunatorio, dependiendo de los resultados del proceso administrativo.<\/p>\n<p>A trav\u00e9s de un comunicado, el Departamento de Salud Municipal de Pitrufqu\u00e9n detall\u00f3 que el incidente se produjo durante la campa\u00f1a de vacunaci\u00f3n escolar, y que ya se est\u00e1 aplicando el protocolo correspondiente. Seg\u00fan la misma declaraci\u00f3n, el error no representar\u00eda un riesgo grave para los estudiantes, &#8220;salvo las molestias pertinentes a la inoculaci\u00f3n de vacunas&#8221;. No obstante, se realizar\u00e1 un seguimiento m\u00e9dico para monitorear posibles s\u00edntomas o reacciones adversas, algo que tambi\u00e9n confirm\u00f3 la autoridad sanitaria.<\/p>\n","protected":false},"excerpt":{"rendered":"<p>Un error program\u00e1tico provoc\u00f3 que 15 estudiantes de octavo b\u00e1sico de la Escuela Las Am\u00e9ricas de Pitrufqu\u00e9n, regi\u00f3n de La Araucan\u00eda, fueran vacunados por equivocaci\u00f3n contra el t\u00e9tano y el virus del papiloma humano (VPH), inmunizaciones destinadas habitualmente a alumnos de quinto b\u00e1sico. Seremi de Salud de La Araucan\u00eda, Andr\u00e9s Cuyul, confirm\u00f3 el hecho y [&hellip;]<\/p>\n","protected":false},"author":2,"featured_media":19287,"comment_status":"closed","ping_status":"open","sticky":false,"template":"","format":"standard","meta":{"_jetpack_memberships_contains_paid_content":false,"jnews-multi-image_gallery":[],"jnews_single_post":[],"jnews_primary_category":[],"jnews_social_meta":[],"jnews_paywall_metabox":[],"jnews_review":[],"enable_review":"","type":"","name":"","summary":"","brand":"","sku":"","good":[],"bad":[],"score_override":"","override_value":"","rating":[],"price":[],"jnews_override_counter":[],"jnews_post_split":[],"footnotes":""},"categories":[21],"tags":[],"class_list":["post-19288","post","type-post","status-publish","format-standard","has-post-thumbnail","hentry","category-nacional"],"jetpack_featured_media_url":"https:\/\/laserenaradio.cl\/web\/wp-content\/uploads\/2025\/09\/homepiaiextractoscrapimg_webperrorestudiantesDepartamentoSaludMunicipal_1.webp","jetpack_sharing_enabled":true,"_links":{"self":[{"href":"https:\/\/laserenaradio.cl\/web\/wp-json\/wp\/v2\/posts\/19288","targetHints":{"allow":["GET"]}}],"collection":[{"href":"https:\/\/laserenaradio.cl\/web\/wp-json\/wp\/v2\/posts"}],"about":[{"href":"https:\/\/laserenaradio.cl\/web\/wp-json\/wp\/v2\/types\/post"}],"author":[{"embeddable":true,"href":"https:\/\/laserenaradio.cl\/web\/wp-json\/wp\/v2\/users\/2"}],"replies":[{"embeddable":true,"href":"https:\/\/laserenaradio.cl\/web\/wp-json\/wp\/v2\/comments?post=19288"}],"version-history":[{"count":1,"href":"https:\/\/laserenaradio.cl\/web\/wp-json\/wp\/v2\/posts\/19288\/revisions"}],"predecessor-version":[{"id":19289,"href":"https:\/\/laserenaradio.cl\/web\/wp-json\/wp\/v2\/posts\/19288\/revisions\/19289"}],"wp:featuredmedia":[{"embeddable":true,"href":"https:\/\/laserenaradio.cl\/web\/wp-json\/wp\/v2\/media\/19287"}],"wp:attachment":[{"href":"https:\/\/laserenaradio.cl\/web\/wp-json\/wp\/v2\/media?parent=19288"}],"wp:term":[{"taxonomy":"category","embeddable":true,"href":"https:\/\/laserenaradio.cl\/web\/wp-json\/wp\/v2\/categories?post=19288"},{"taxonomy":"post_tag","embeddable":true,"href":"https:\/\/laserenaradio.cl\/web\/wp-json\/wp\/v2\/tags?post=19288"}],"curies":[{"name":"wp","href":"https:\/\/api.w.org\/{rel}","templated":true}]}}