{"id":19273,"date":"2025-09-03T19:14:32","date_gmt":"2025-09-03T22:14:32","guid":{"rendered":"https:\/\/laserenaradio.cl\/web\/?p=19273"},"modified":"2025-09-03T19:14:32","modified_gmt":"2025-09-03T22:14:32","slug":"reabren-sumario-contra-funcionarios-por-tortura-a-trabajador-con-tea","status":"publish","type":"post","link":"https:\/\/laserenaradio.cl\/web\/2025\/09\/03\/reabren-sumario-contra-funcionarios-por-tortura-a-trabajador-con-tea\/","title":{"rendered":"Reabren sumario contra funcionarios por tortura a trabajador con TEA"},"content":{"rendered":"<p>El director subrogante del Hospital Base San Jos\u00e9 de Osorno, Julio Vargas, confirm\u00f3 a Radio B\u00edo B\u00edo que una nueva denuncia ha sido presentada en contra de algunos funcionarios involucrados en el caso de tortura a un ex trabajador con Trastorno del Espectro Autista (TEA). Los antecedentes y relatos proporcionados por una mujer permitieron reabrir el sumario contra los responsables. Este episodio ocurri\u00f3 entre 2018 y 2020, cuando la v\u00edctima, que en ese entonces trabajaba como reemplazante en el centro de salud, fue sometida a tratos brutales por parte del personal.<\/p>\n<p>El hombre fue atado, su cabello fue raspado y su piel quemada con vapor. Muchos de estos ataques fueron registrados en videos y fotograf\u00edas. En 2020, se inici\u00f3 un proceso sumarial contra los cuatro funcionarios acusados; sin embargo, este termin\u00f3 sin sanciones.<\/p>\n<p>En 2024, una trabajadora present\u00f3 una denuncia por discriminaci\u00f3n que individualiz\u00f3 a los responsables y proporcion\u00f3 un antecedente crucial. Algunos de los responsables se repet\u00edan en ambos casos, lo que oblig\u00f3 al director a actuar r\u00e1pidamente y notificar a la <a href=\"https:\/\/www.fiscaliadechile.cl\/\">Fiscal\u00eda<\/a>.<\/p>\n<p>La funcionaria entreg\u00f3 todos los antecedentes del caso anterior y el director afirm\u00f3 que inmediatamente se pusieron en conocimiento de la <a href=\"https:\/\/www.fiscaliadechile.cl\/\">Fiscal\u00eda<\/a>. Se decidi\u00f3 reabrir el sumario contra los cuatro funcionarios identificados, lo cual ya arroj\u00f3 primeras sanciones. Los funcionarios fueron notificados y cuentan con cinco d\u00edas para apelar la acusaci\u00f3n.<\/p>\n<p>Al finalizar este plazo, los antecedentes se enviar\u00e1n a la Contralor\u00eda para su revisi\u00f3n. El ente contralor orden\u00f3 \u201csometer extraordinariamente a control la legalidad de la resoluci\u00f3n del hospital que pone t\u00e9rmino al sumario\u201d. Su objetivo es verificar si el procedimiento se ajust\u00f3 a derecho y si existen responsabilidades administrativas.<\/p>\n<p>Por su parte, la fiscal jefe de Osorno, Mar\u00eda Ang\u00e9lica de Miguel, inform\u00f3 que una investigaci\u00f3n de oficio ha sido abierta tras tomar conocimiento de los videos difundidos en redes sociales. Se orden\u00f3 a la <a href=\"https:\/\/www.pdichile.cl\/\">PDI<\/a> realizar diversas diligencias para esclarecer los hechos y determinar los responsables. Adem\u00e1s, se anunci\u00f3 que se contactar\u00e1 con la v\u00edctima para brindarle contenci\u00f3n.<\/p>\n","protected":false},"excerpt":{"rendered":"<p>El director subrogante del Hospital Base San Jos\u00e9 de Osorno, Julio Vargas, confirm\u00f3 a Radio B\u00edo B\u00edo que una nueva denuncia ha sido presentada en contra de algunos funcionarios involucrados en el caso de tortura a un ex trabajador con Trastorno del Espectro Autista (TEA). Los antecedentes y relatos proporcionados por una mujer permitieron reabrir [&hellip;]<\/p>\n","protected":false},"author":2,"featured_media":19272,"comment_status":"closed","ping_status":"open","sticky":false,"template":"","format":"standard","meta":{"_jetpack_memberships_contains_paid_content":false,"jnews-multi-image_gallery":[],"jnews_single_post":[],"jnews_primary_category":[],"jnews_social_meta":[],"jnews_paywall_metabox":[],"jnews_review":[],"enable_review":"","type":"","name":"","summary":"","brand":"","sku":"","good":[],"bad":[],"score_override":"","override_value":"","rating":[],"price":[],"jnews_override_counter":[],"jnews_post_split":[],"footnotes":""},"categories":[21],"tags":[],"class_list":["post-19273","post","type-post","status-publish","format-standard","has-post-thumbnail","hentry","category-nacional"],"jetpack_featured_media_url":"https:\/\/laserenaradio.cl\/web\/wp-content\/uploads\/2025\/09\/homepiaiextractoscrapimg_predeterminadalaserenaradio_nacional-3.webp","jetpack_sharing_enabled":true,"_links":{"self":[{"href":"https:\/\/laserenaradio.cl\/web\/wp-json\/wp\/v2\/posts\/19273","targetHints":{"allow":["GET"]}}],"collection":[{"href":"https:\/\/laserenaradio.cl\/web\/wp-json\/wp\/v2\/posts"}],"about":[{"href":"https:\/\/laserenaradio.cl\/web\/wp-json\/wp\/v2\/types\/post"}],"author":[{"embeddable":true,"href":"https:\/\/laserenaradio.cl\/web\/wp-json\/wp\/v2\/users\/2"}],"replies":[{"embeddable":true,"href":"https:\/\/laserenaradio.cl\/web\/wp-json\/wp\/v2\/comments?post=19273"}],"version-history":[{"count":1,"href":"https:\/\/laserenaradio.cl\/web\/wp-json\/wp\/v2\/posts\/19273\/revisions"}],"predecessor-version":[{"id":19274,"href":"https:\/\/laserenaradio.cl\/web\/wp-json\/wp\/v2\/posts\/19273\/revisions\/19274"}],"wp:featuredmedia":[{"embeddable":true,"href":"https:\/\/laserenaradio.cl\/web\/wp-json\/wp\/v2\/media\/19272"}],"wp:attachment":[{"href":"https:\/\/laserenaradio.cl\/web\/wp-json\/wp\/v2\/media?parent=19273"}],"wp:term":[{"taxonomy":"category","embeddable":true,"href":"https:\/\/laserenaradio.cl\/web\/wp-json\/wp\/v2\/categories?post=19273"},{"taxonomy":"post_tag","embeddable":true,"href":"https:\/\/laserenaradio.cl\/web\/wp-json\/wp\/v2\/tags?post=19273"}],"curies":[{"name":"wp","href":"https:\/\/api.w.org\/{rel}","templated":true}]}}