{"id":19264,"date":"2025-09-02T22:14:50","date_gmt":"2025-09-03T01:14:50","guid":{"rendered":"https:\/\/laserenaradio.cl\/web\/?p=19264"},"modified":"2025-09-02T22:14:50","modified_gmt":"2025-09-03T01:14:50","slug":"la-u-se-opondria-a-disputar-la-supercopa-ante-colo-colo","status":"publish","type":"post","link":"https:\/\/laserenaradio.cl\/web\/2025\/09\/02\/la-u-se-opondria-a-disputar-la-supercopa-ante-colo-colo\/","title":{"rendered":"La U se opondr\u00eda a disputar la Supercopa ante Colo Colo."},"content":{"rendered":"<p>Mientras la dirigencia de Azul Azul se juega una carta clave en Paraguay para asegurar el paso de Universidad de Chile a los cuartos de final de la Copa Sudamericana, en nuestro pa\u00eds la atenci\u00f3n se traslada r\u00e1pidamente a la Supercopa. Y la participaci\u00f3n del elenco colegial en el tradicional duelo ante Colo Colo pende de un hilo.<\/p>\n<p>Desde el CDA ya tomaron una postura clara. Seg\u00fan revel\u00f3 ADN, en la interna azul tienen la mirada puesta en el torneo internacional y si todo sale como esperan esta semana, est\u00e1n dispuestos a hacer un movimiento radical.<\/p>\n<p>&#8220;Si a La U se le permite seguir en Copa Sudamericana, se opondr\u00e1n a disputar la Supercopa contra Colo Colo el domingo 14 de septiembre. Dicha situaci\u00f3n ya habr\u00eda sido advertida a la ANFP por parte de los azules&#8221;, mencion\u00f3 la emisora.<\/p>\n<p>La raz\u00f3n es clara y es que La U ya tendr\u00eda programado su pr\u00f3ximo desaf\u00edo internacional. En caso de clasificar, deber\u00e1 medirse con Alianza Lima en Per\u00fa el jueves 18 de septiembre, y los tiempos no dan.<\/p>\n<p>La Supercopa 2025, que parec\u00eda tomar forma para este domingo 14 de septiembre a las 15:00 horas en el Estadio Santa Laura, ahora vuelve a estar en entredicho.<\/p>\n","protected":false},"excerpt":{"rendered":"<p>Mientras la dirigencia de Azul Azul se juega una carta clave en Paraguay para asegurar el paso de Universidad de Chile a los cuartos de final de la Copa Sudamericana, en nuestro pa\u00eds la atenci\u00f3n se traslada r\u00e1pidamente a la Supercopa. Y la participaci\u00f3n del elenco colegial en el tradicional duelo ante Colo Colo pende [&hellip;]<\/p>\n","protected":false},"author":2,"featured_media":19263,"comment_status":"closed","ping_status":"open","sticky":false,"template":"","format":"standard","meta":{"_jetpack_memberships_contains_paid_content":false,"jnews-multi-image_gallery":[],"jnews_single_post":[],"jnews_primary_category":[],"jnews_social_meta":[],"jnews_paywall_metabox":[],"jnews_review":[],"enable_review":"","type":"","name":"","summary":"","brand":"","sku":"","good":[],"bad":[],"score_override":"","override_value":"","rating":[],"price":[],"jnews_override_counter":[],"jnews_post_split":[],"footnotes":""},"categories":[84],"tags":[],"class_list":["post-19264","post","type-post","status-publish","format-standard","has-post-thumbnail","hentry","category-deportes"],"jetpack_featured_media_url":"https:\/\/laserenaradio.cl\/web\/wp-content\/uploads\/2025\/09\/homepiaiextractoscrapimg_webpSupercopaColoColoyaseptiembre_0.webp","jetpack_sharing_enabled":true,"_links":{"self":[{"href":"https:\/\/laserenaradio.cl\/web\/wp-json\/wp\/v2\/posts\/19264","targetHints":{"allow":["GET"]}}],"collection":[{"href":"https:\/\/laserenaradio.cl\/web\/wp-json\/wp\/v2\/posts"}],"about":[{"href":"https:\/\/laserenaradio.cl\/web\/wp-json\/wp\/v2\/types\/post"}],"author":[{"embeddable":true,"href":"https:\/\/laserenaradio.cl\/web\/wp-json\/wp\/v2\/users\/2"}],"replies":[{"embeddable":true,"href":"https:\/\/laserenaradio.cl\/web\/wp-json\/wp\/v2\/comments?post=19264"}],"version-history":[{"count":1,"href":"https:\/\/laserenaradio.cl\/web\/wp-json\/wp\/v2\/posts\/19264\/revisions"}],"predecessor-version":[{"id":19265,"href":"https:\/\/laserenaradio.cl\/web\/wp-json\/wp\/v2\/posts\/19264\/revisions\/19265"}],"wp:featuredmedia":[{"embeddable":true,"href":"https:\/\/laserenaradio.cl\/web\/wp-json\/wp\/v2\/media\/19263"}],"wp:attachment":[{"href":"https:\/\/laserenaradio.cl\/web\/wp-json\/wp\/v2\/media?parent=19264"}],"wp:term":[{"taxonomy":"category","embeddable":true,"href":"https:\/\/laserenaradio.cl\/web\/wp-json\/wp\/v2\/categories?post=19264"},{"taxonomy":"post_tag","embeddable":true,"href":"https:\/\/laserenaradio.cl\/web\/wp-json\/wp\/v2\/tags?post=19264"}],"curies":[{"name":"wp","href":"https:\/\/api.w.org\/{rel}","templated":true}]}}