{"id":19255,"date":"2025-09-02T22:02:14","date_gmt":"2025-09-03T01:02:14","guid":{"rendered":"https:\/\/laserenaradio.cl\/web\/?p=19255"},"modified":"2025-09-02T22:02:14","modified_gmt":"2025-09-03T01:02:14","slug":"nino-de-dos-anos-baleado-en-temuco","status":"publish","type":"post","link":"https:\/\/laserenaradio.cl\/web\/2025\/09\/02\/nino-de-dos-anos-baleado-en-temuco\/","title":{"rendered":"Ni\u00f1o de dos a\u00f1os baleado en Temuco."},"content":{"rendered":"<p>Durante la jornada de este martes, un ni\u00f1o de aproximadamente dos a\u00f1os fue baleado en la cabeza. El incidente ocurri\u00f3 en el sector Pedro de Valdivia de Temuco, regi\u00f3n de La Araucan\u00eda. Seg\u00fan informaci\u00f3n preliminar, el hecho se registr\u00f3 cerca de la intersecci\u00f3n de calles Argentina y Hochstetter, donde el menor estaba en compa\u00f1\u00eda de su madre. <\/p>\n<p>El presunto autor del disparo ya fue detenido y derivado hasta un consultorio para contestar lesiones. En ese lugar lleg\u00f3 gran cantidad de personas con la intenci\u00f3n de agredirlo. Un operativo policial se ha desplegado tanto en el Hospital Regional, donde se atiende el menor, como en el consultorio.<\/p>\n<p>De momento se desconocen mayores antecedentes del hecho, que es investigado por las autoridades.<\/p>\n","protected":false},"excerpt":{"rendered":"<p>Durante la jornada de este martes, un ni\u00f1o de aproximadamente dos a\u00f1os fue baleado en la cabeza. El incidente ocurri\u00f3 en el sector Pedro de Valdivia de Temuco, regi\u00f3n de La Araucan\u00eda. Seg\u00fan informaci\u00f3n preliminar, el hecho se registr\u00f3 cerca de la intersecci\u00f3n de calles Argentina y Hochstetter, donde el menor estaba en compa\u00f1\u00eda de [&hellip;]<\/p>\n","protected":false},"author":2,"featured_media":19254,"comment_status":"closed","ping_status":"open","sticky":false,"template":"","format":"standard","meta":{"_jetpack_memberships_contains_paid_content":false,"jnews-multi-image_gallery":[],"jnews_single_post":[],"jnews_primary_category":[],"jnews_social_meta":[],"jnews_paywall_metabox":[],"jnews_review":[],"enable_review":"","type":"","name":"","summary":"","brand":"","sku":"","good":[],"bad":[],"score_override":"","override_value":"","rating":[],"price":[],"jnews_override_counter":[],"jnews_post_split":[],"footnotes":""},"categories":[21],"tags":[],"class_list":["post-19255","post","type-post","status-publish","format-standard","has-post-thumbnail","hentry","category-nacional"],"jetpack_featured_media_url":"https:\/\/laserenaradio.cl\/web\/wp-content\/uploads\/2025\/09\/homepiaiextractoscrapimg_webpbaleadoTemucohechomenor_1.webp","jetpack_sharing_enabled":true,"_links":{"self":[{"href":"https:\/\/laserenaradio.cl\/web\/wp-json\/wp\/v2\/posts\/19255","targetHints":{"allow":["GET"]}}],"collection":[{"href":"https:\/\/laserenaradio.cl\/web\/wp-json\/wp\/v2\/posts"}],"about":[{"href":"https:\/\/laserenaradio.cl\/web\/wp-json\/wp\/v2\/types\/post"}],"author":[{"embeddable":true,"href":"https:\/\/laserenaradio.cl\/web\/wp-json\/wp\/v2\/users\/2"}],"replies":[{"embeddable":true,"href":"https:\/\/laserenaradio.cl\/web\/wp-json\/wp\/v2\/comments?post=19255"}],"version-history":[{"count":1,"href":"https:\/\/laserenaradio.cl\/web\/wp-json\/wp\/v2\/posts\/19255\/revisions"}],"predecessor-version":[{"id":19256,"href":"https:\/\/laserenaradio.cl\/web\/wp-json\/wp\/v2\/posts\/19255\/revisions\/19256"}],"wp:featuredmedia":[{"embeddable":true,"href":"https:\/\/laserenaradio.cl\/web\/wp-json\/wp\/v2\/media\/19254"}],"wp:attachment":[{"href":"https:\/\/laserenaradio.cl\/web\/wp-json\/wp\/v2\/media?parent=19255"}],"wp:term":[{"taxonomy":"category","embeddable":true,"href":"https:\/\/laserenaradio.cl\/web\/wp-json\/wp\/v2\/categories?post=19255"},{"taxonomy":"post_tag","embeddable":true,"href":"https:\/\/laserenaradio.cl\/web\/wp-json\/wp\/v2\/tags?post=19255"}],"curies":[{"name":"wp","href":"https:\/\/api.w.org\/{rel}","templated":true}]}}