{"id":19252,"date":"2025-09-02T22:00:59","date_gmt":"2025-09-03T01:00:59","guid":{"rendered":"https:\/\/laserenaradio.cl\/web\/?p=19252"},"modified":"2025-09-02T22:00:59","modified_gmt":"2025-09-03T01:00:59","slug":"ministro-de-energia-intenta-calmar-polemica-sobre-proyecto-de-ley-del-hidrogeno-verde-en-chile","status":"publish","type":"post","link":"https:\/\/laserenaradio.cl\/web\/2025\/09\/02\/ministro-de-energia-intenta-calmar-polemica-sobre-proyecto-de-ley-del-hidrogeno-verde-en-chile\/","title":{"rendered":"Ministro de Energ\u00eda intenta calmar pol\u00e9mica sobre proyecto de ley del hidr\u00f3geno verde en Chile."},"content":{"rendered":"<p>Este martes comenz\u00f3 Hyvolution Chile 2025 -que re\u00fane a los actores de la industria del hidr\u00f3geno verde- en medio de una pol\u00e9mica atm\u00f3sfera, marcada por la discusi\u00f3n en torno al proyecto de ley ingresado por el Gobierno que fomenta la demanda interna del denominado combustible del futuro y sus derivados.<\/p>\n<p>En sus dos intervenciones p\u00fablicas en el evento, el ministro de Energ\u00eda, Diego Pardow, intent\u00f3 calmar las aguas respecto a que la iniciativa plantea que los proyectos deben realizar una contribuci\u00f3n regional -que equivale al 1% de la inversi\u00f3n en activos fijos- al mes siguiente de obtener la Resoluci\u00f3n de Calificaci\u00f3n Ambiental (RCA).<\/p>\n<p>En su reflexi\u00f3n, la autoridad apunt\u00f3 a que pareciera que el hidr\u00f3geno se ha transformado en un espacio de disputa, donde existen l\u00edneas rojas, cuando las pol\u00edticas de hidr\u00f3geno \u201cson pol\u00edtica de encuentro\u201d. Y, aludiendo a la pol\u00e9mica disposici\u00f3n del articulado, asegur\u00f3: \u201cPodemos discutir sobre este 1%\u201d, mientras que se manifest\u00f3 \u201cmuy disponible a encontrarnos en nuestras diferencias y a buscar soluciones\u201d.<\/p>\n<p>Tras su exposici\u00f3n, Pardow explic\u00f3 que \u201ceste es un impuesto que ya existe. Esta es una contribuci\u00f3n que ya existe al Fondo de Desarrollo de Magallanes\u201d. Indic\u00f3 que el 1% que hoy existen, que las empresas en general tienen que pagar ese 1% de la inversi\u00f3n como contribuci\u00f3n a la regi\u00f3n es algo bueno.<\/p>\n<p>El director ejecutivo de H2 Chile, Marcos Kulka, indic\u00f3 que el segundo cap\u00edtulo del proyecto de ley va asociado a Magallanes y para el caso de dicha regi\u00f3n es definitivamente perfectible. \u201cEl 1% que hoy existe, que las empresas en general tienen que pagar ese 1% de la inversi\u00f3n como contribuci\u00f3n a la regi\u00f3n es algo bueno\u201d, dijo.<\/p>\n<p>Los principales ejecutivos de los mayores proyectos de hidr\u00f3geno verde en Chile valoraron la apertura del ministro a revisar el pago del 1% de su inversi\u00f3n a Magallanes y urgieron por dicho trabajo. Enfatizaron que, con esa disposici\u00f3n, la industria en la zona \u201cno es viable\u201d.<\/p>\n<p>Antoine Liane, managing director de Total Energies H2, expres\u00f3: \u201cNo entiendo la l\u00f3gica de esto\u201d. El director de Proyecto de HNH Energy, Mario Marchese, calific\u00f3 el pago del 1% como \u201cun nuevo impuesto\u201d y dijo que \u201ccomo est\u00e1 planteado, la industria se muere, no es viable\u201d.<\/p>\n<p>Por su parte, Luis Sarr\u00e1s, vicepresidente internacional de Green Hydrogen, destac\u00f3 la iniciativa legal en t\u00e9rminos generales, pero marc\u00f3 que \u201cel 1% mata el proyecto (de inversi\u00f3n)\u201d. El gerente general de MAE Energy, Gonzalo Moyano, dijo que \u201cvemos este proyecto de ley como una se\u00f1al positiva que puede hacer la diferencia para avanzar, pero entendemos a los colegas de Magallanes y hay temas puntuales que deben ser abordados\u201d.<\/p>\n","protected":false},"excerpt":{"rendered":"<p>Este martes comenz\u00f3 Hyvolution Chile 2025 -que re\u00fane a los actores de la industria del hidr\u00f3geno verde- en medio de una pol\u00e9mica atm\u00f3sfera, marcada por la discusi\u00f3n en torno al proyecto de ley ingresado por el Gobierno que fomenta la demanda interna del denominado combustible del futuro y sus derivados. En sus dos intervenciones p\u00fablicas [&hellip;]<\/p>\n","protected":false},"author":2,"featured_media":19251,"comment_status":"closed","ping_status":"open","sticky":false,"template":"","format":"standard","meta":{"_jetpack_memberships_contains_paid_content":false,"jnews-multi-image_gallery":[],"jnews_single_post":[],"jnews_primary_category":[],"jnews_social_meta":[],"jnews_paywall_metabox":[],"jnews_review":[],"enable_review":"","type":"","name":"","summary":"","brand":"","sku":"","good":[],"bad":[],"score_override":"","override_value":"","rating":[],"price":[],"jnews_override_counter":[],"jnews_post_split":[],"footnotes":""},"categories":[21],"tags":[],"class_list":["post-19252","post","type-post","status-publish","format-standard","has-post-thumbnail","hentry","category-nacional"],"jetpack_featured_media_url":"https:\/\/laserenaradio.cl\/web\/wp-content\/uploads\/2025\/09\/homepiaiextractoscrapimg_predeterminadalaserenaradio_nacional-2.webp","jetpack_sharing_enabled":true,"_links":{"self":[{"href":"https:\/\/laserenaradio.cl\/web\/wp-json\/wp\/v2\/posts\/19252","targetHints":{"allow":["GET"]}}],"collection":[{"href":"https:\/\/laserenaradio.cl\/web\/wp-json\/wp\/v2\/posts"}],"about":[{"href":"https:\/\/laserenaradio.cl\/web\/wp-json\/wp\/v2\/types\/post"}],"author":[{"embeddable":true,"href":"https:\/\/laserenaradio.cl\/web\/wp-json\/wp\/v2\/users\/2"}],"replies":[{"embeddable":true,"href":"https:\/\/laserenaradio.cl\/web\/wp-json\/wp\/v2\/comments?post=19252"}],"version-history":[{"count":1,"href":"https:\/\/laserenaradio.cl\/web\/wp-json\/wp\/v2\/posts\/19252\/revisions"}],"predecessor-version":[{"id":19253,"href":"https:\/\/laserenaradio.cl\/web\/wp-json\/wp\/v2\/posts\/19252\/revisions\/19253"}],"wp:featuredmedia":[{"embeddable":true,"href":"https:\/\/laserenaradio.cl\/web\/wp-json\/wp\/v2\/media\/19251"}],"wp:attachment":[{"href":"https:\/\/laserenaradio.cl\/web\/wp-json\/wp\/v2\/media?parent=19252"}],"wp:term":[{"taxonomy":"category","embeddable":true,"href":"https:\/\/laserenaradio.cl\/web\/wp-json\/wp\/v2\/categories?post=19252"},{"taxonomy":"post_tag","embeddable":true,"href":"https:\/\/laserenaradio.cl\/web\/wp-json\/wp\/v2\/tags?post=19252"}],"curies":[{"name":"wp","href":"https:\/\/api.w.org\/{rel}","templated":true}]}}