{"id":19246,"date":"2025-09-02T00:00:13","date_gmt":"2025-09-02T03:00:13","guid":{"rendered":"https:\/\/laserenaradio.cl\/web\/?p=19246"},"modified":"2025-09-02T00:00:13","modified_gmt":"2025-09-02T03:00:13","slug":"recurso-de-proteccion-contra-naya-facil-rechazado","status":"publish","type":"post","link":"https:\/\/laserenaradio.cl\/web\/2025\/09\/02\/recurso-de-proteccion-contra-naya-facil-rechazado\/","title":{"rendered":"Recurso de protecci\u00f3n contra Naya F\u00e1cil rechazado."},"content":{"rendered":"<p>En fallo un\u00e1nime, la Corte de Apelaciones de Temuco rechaz\u00f3 un recurso de protecci\u00f3n contra Naya F\u00e1cil, creadora de contenido mapuche. En sus registros audiovisuales compartidos en redes sociales, Nayadeth Neculhueque Quimen expres\u00f3 cr\u00edticas hacia las pr\u00e1cticas religiosas mapuche, incluyendo ritos y sacrificios animales.<\/p>\n<p>En los videos, se pueden escuchar comentarios como \u201cNo comparto su machismo\u201d y \u201cme considero exmapuche\u201d. Adem\u00e1s, Nayadeth fue acusada de grabar im\u00e1genes de la pampa del Nguillat\u00fce en Liumalla, un espacio ceremonial ancestral utilizado por autoridades mapuche.<\/p>\n<p>Los recurrentes se\u00f1alaron que se les advirti\u00f3 expresamente sobre la prohibici\u00f3n de difundir el sector. En su recurso, afirmaron que Nayadeth grab\u00f3 y difundi\u00f3 p\u00fablicamente im\u00e1genes del lugar, registrando se\u00f1al\u00e9ticas con las coordenadas exactas.<\/p>\n<p>Las cr\u00edticas emitidas por Naya F\u00e1cil se consideran un agravio y deshonra para autoridades ancestrales, lesionando su honra, vida privada y libertad de culto. Esto gener\u00f3 temor en la comunidad, especialmente en adultos mayores, sobre posibles intrusiones al lugar con fines de morbo o violencia.<\/p>\n<p>Los recurrentes acusaron una vulneraci\u00f3n a las garant\u00edas del art\u00edculo 19 N\u00b0 4 (vida privada y honra), N\u00b0 6 (libertad de conciencia y culto) y N\u00b0 2 (igualdad ante la ley). Pidieron que Nayadeth eliminara el contenido audiovisual publicado en redes sociales y dirigiera a sus seguidores al respeto hacia las pr\u00e1cticas religiosas mapuche.<\/p>\n<p>No obstante, el fallo concluy\u00f3 que las declaraciones de Naya F\u00e1cil no constituyeron un acto arbitrario o ilegal. \u201cLa acci\u00f3n de protecci\u00f3n deducida carece de fundamento y debe ser rechazada\u201d, agreg\u00f3 el fallo.<\/p>\n","protected":false},"excerpt":{"rendered":"<p>En fallo un\u00e1nime, la Corte de Apelaciones de Temuco rechaz\u00f3 un recurso de protecci\u00f3n contra Naya F\u00e1cil, creadora de contenido mapuche. En sus registros audiovisuales compartidos en redes sociales, Nayadeth Neculhueque Quimen expres\u00f3 cr\u00edticas hacia las pr\u00e1cticas religiosas mapuche, incluyendo ritos y sacrificios animales. En los videos, se pueden escuchar comentarios como \u201cNo comparto su [&hellip;]<\/p>\n","protected":false},"author":2,"featured_media":19245,"comment_status":"closed","ping_status":"open","sticky":false,"template":"","format":"standard","meta":{"_jetpack_memberships_contains_paid_content":false,"jnews-multi-image_gallery":[],"jnews_single_post":[],"jnews_primary_category":[],"jnews_social_meta":[],"jnews_paywall_metabox":[],"jnews_review":[],"enable_review":"","type":"","name":"","summary":"","brand":"","sku":"","good":[],"bad":[],"score_override":"","override_value":"","rating":[],"price":[],"jnews_override_counter":[],"jnews_post_split":[],"footnotes":""},"categories":[21],"tags":[],"class_list":["post-19246","post","type-post","status-publish","format-standard","has-post-thumbnail","hentry","category-nacional"],"jetpack_featured_media_url":"https:\/\/laserenaradio.cl\/web\/wp-content\/uploads\/2025\/09\/homepiaiextractoscrapimg_webpRecursoNaya_0.webp","jetpack_sharing_enabled":true,"_links":{"self":[{"href":"https:\/\/laserenaradio.cl\/web\/wp-json\/wp\/v2\/posts\/19246","targetHints":{"allow":["GET"]}}],"collection":[{"href":"https:\/\/laserenaradio.cl\/web\/wp-json\/wp\/v2\/posts"}],"about":[{"href":"https:\/\/laserenaradio.cl\/web\/wp-json\/wp\/v2\/types\/post"}],"author":[{"embeddable":true,"href":"https:\/\/laserenaradio.cl\/web\/wp-json\/wp\/v2\/users\/2"}],"replies":[{"embeddable":true,"href":"https:\/\/laserenaradio.cl\/web\/wp-json\/wp\/v2\/comments?post=19246"}],"version-history":[{"count":1,"href":"https:\/\/laserenaradio.cl\/web\/wp-json\/wp\/v2\/posts\/19246\/revisions"}],"predecessor-version":[{"id":19247,"href":"https:\/\/laserenaradio.cl\/web\/wp-json\/wp\/v2\/posts\/19246\/revisions\/19247"}],"wp:featuredmedia":[{"embeddable":true,"href":"https:\/\/laserenaradio.cl\/web\/wp-json\/wp\/v2\/media\/19245"}],"wp:attachment":[{"href":"https:\/\/laserenaradio.cl\/web\/wp-json\/wp\/v2\/media?parent=19246"}],"wp:term":[{"taxonomy":"category","embeddable":true,"href":"https:\/\/laserenaradio.cl\/web\/wp-json\/wp\/v2\/categories?post=19246"},{"taxonomy":"post_tag","embeddable":true,"href":"https:\/\/laserenaradio.cl\/web\/wp-json\/wp\/v2\/tags?post=19246"}],"curies":[{"name":"wp","href":"https:\/\/api.w.org\/{rel}","templated":true}]}}