{"id":19243,"date":"2025-09-01T23:43:41","date_gmt":"2025-09-02T02:43:41","guid":{"rendered":"https:\/\/laserenaradio.cl\/web\/?p=19243"},"modified":"2025-09-01T23:43:41","modified_gmt":"2025-09-02T02:43:41","slug":"la-defensoria-de-la-ninez-critica-el-proyecto-de-ley-que-modifica-la-responsabilidad-penal-adolescente","status":"publish","type":"post","link":"https:\/\/laserenaradio.cl\/web\/2025\/09\/01\/la-defensoria-de-la-ninez-critica-el-proyecto-de-ley-que-modifica-la-responsabilidad-penal-adolescente\/","title":{"rendered":"La Defensor\u00eda de la Ni\u00f1ez critica el proyecto de ley que modifica la responsabilidad penal adolescente."},"content":{"rendered":"<p>La Defensor\u00eda de la Ni\u00f1ez manifiesta su &#8220;profunda preocupaci\u00f3n&#8221; por el proyecto de ley que modifica la responsabilidad penal adolescente, se\u00f1alando sus eventuales consecuencias negativas en los procesos de reinserci\u00f3n social. La entidad alerta sobre la limitada efectividad del proyecto para reducir comportamientos delictivos y proteger a las v\u00edctimas.<\/p>\n<p>Los an\u00e1lisis t\u00e9cnicos del organismo, basados en est\u00e1ndares internacionales de derechos humanos, concluyen que el proyecto no es efectivo para solucionar problemas fundamentales en materia de seguridad p\u00fablica. La Defensor\u00eda insiste en la necesidad de avanzar en pol\u00edticas p\u00fablicas basadas en evidencia y que promuevan soluciones estructurales.<\/p>\n<p>Uno de los aspectos cr\u00edticos identificados por la entidad relaciona el aumento de delitos cometidos por adolescentes con el crimen organizado. Seg\u00fan datos del Ministerio P\u00fablico, muchos adolescentes son captados por bandas criminales integradas por adultos.<\/p>\n<p>Para garantizar justicia efectiva a las v\u00edctimas, la Defensor\u00eda de la Ni\u00f1ez afirma que es indispensable abordar los nudos cr\u00edticos de la investigaci\u00f3n penal. El organismo ha observado en el caso de adolescentes una disminuci\u00f3n en sentencias condenatorias y una alta proporci\u00f3n de causas archivadas provisionalmente.<\/p>\n<p>La instituci\u00f3n sostiene que para evitar impunidad, se requiere fortalecer los procesos investigativos que permitan identificar a los infractores y asegurar el cumplimiento de las sanciones. Este punto es fundamental para una respuesta efectiva.<\/p>\n<p>Respecto a la reinserci\u00f3n social, eje central del nuevo Servicio Nacional de Reinserci\u00f3n Social Juvenil, la Defensor\u00eda afirm\u00f3 que el proyecto no omite las acciones encaminadas a su implementaci\u00f3n, sino que contradice su objetivo. Pone como ejemplo que el aumento de penas para delitos graves de 8 a 10 a\u00f1os no modifica el escenario actual.<\/p>\n<p>&#8220;El aumento de penas puede consolidar trayectorias delictivas&#8221;, advierte la instituci\u00f3n. Enfrentar esta problem\u00e1tica exige reconocer las trayectorias de vida de los adolescentes que han cometido delitos.<\/p>\n<p>Un estudio del Centro de Estudios Justicia y Sociedad de la Pontificia Universidad Cat\u00f3lica y UNICEF (2023) evidencia que quienes han cometido delitos provienen mayoritariamente de contextos de inestabilidad familiar. El 70% sufri\u00f3 separaci\u00f3n o ausencia parental, y un 48% fue testigo o v\u00edctima de violencia intrafamiliar.<\/p>\n<p>Estas personas tambi\u00e9n enfrentan interrupciones educativas, delincuencia intergeneracional y precariedad material. El 45% convivi\u00f3 con personas privadas de libertad y muchas estuvieron expuestas al consumo problem\u00e1tico en el entorno familiar.<\/p>\n<p>&#8220;Estas condiciones impactan directamente en su desarrollo emocional, vinculaci\u00f3n social y percepci\u00f3n de la violencia&#8221;, indica la Defensor\u00eda. La revisi\u00f3n de evidencia internacional realizada por el organismo no respalda el aumento de penas como medida efectiva para reducir la comisi\u00f3n de delitos.<\/p>\n<p>Para la Defensor\u00eda de la Ni\u00f1ez, no es posible avanzar en soluciones sin fortalecer la pol\u00edtica social dirigida a la preadolescencia y adolescencia. En esa l\u00ednea, resulta prioritario ampliar la cobertura del programa Chile Crece Contigo m\u00e1s all\u00e1 de los 9 a\u00f1os, tal como lo establece el art\u00edculo 85 de la Ley de Garant\u00edas.<\/p>\n<p>Iniciativas como el fortalecimiento del programa Lazos en todas las comunas del pa\u00eds o la creaci\u00f3n de escuelas de reingreso con acompa\u00f1amiento psicosocial han demostrado ser efectivas y deben ser parte de la respuesta estatal, seg\u00fan el organismo.<\/p>\n<p>Finalmente, la Defensor\u00eda de la Ni\u00f1ez hace un llamado a las y los parlamentarios a abordar el fen\u00f3meno delictivo adolescente con una mirada integral. Solicita que se consideren sus causas estructurales y no se limite solo a respuestas punitivas.<\/p>\n<p>Es urgente perseguir y sancionar al crimen organizado que instrumentaliza a ni\u00f1os, ni\u00f1as y adolescentes, y evaluar junto al Ministerio P\u00fablico las mejores estrategias para fortalecer la investigaci\u00f3n penal. Concluye la instituci\u00f3n.<\/p>\n","protected":false},"excerpt":{"rendered":"<p>La Defensor\u00eda de la Ni\u00f1ez manifiesta su &#8220;profunda preocupaci\u00f3n&#8221; por el proyecto de ley que modifica la responsabilidad penal adolescente, se\u00f1alando sus eventuales consecuencias negativas en los procesos de reinserci\u00f3n social. La entidad alerta sobre la limitada efectividad del proyecto para reducir comportamientos delictivos y proteger a las v\u00edctimas. Los an\u00e1lisis t\u00e9cnicos del organismo, basados [&hellip;]<\/p>\n","protected":false},"author":2,"featured_media":19242,"comment_status":"closed","ping_status":"open","sticky":false,"template":"","format":"standard","meta":{"_jetpack_memberships_contains_paid_content":false,"jnews-multi-image_gallery":[],"jnews_single_post":[],"jnews_primary_category":[],"jnews_social_meta":[],"jnews_paywall_metabox":[],"jnews_review":[],"enable_review":"","type":"","name":"","summary":"","brand":"","sku":"","good":[],"bad":[],"score_override":"","override_value":"","rating":[],"price":[],"jnews_override_counter":[],"jnews_post_split":[],"footnotes":""},"categories":[21],"tags":[],"class_list":["post-19243","post","type-post","status-publish","format-standard","has-post-thumbnail","hentry","category-nacional"],"jetpack_featured_media_url":"https:\/\/laserenaradio.cl\/web\/wp-content\/uploads\/2025\/09\/homepiaiextractoscrapimg_predeterminadalaserenaradio_nacional-1.webp","jetpack_sharing_enabled":true,"_links":{"self":[{"href":"https:\/\/laserenaradio.cl\/web\/wp-json\/wp\/v2\/posts\/19243","targetHints":{"allow":["GET"]}}],"collection":[{"href":"https:\/\/laserenaradio.cl\/web\/wp-json\/wp\/v2\/posts"}],"about":[{"href":"https:\/\/laserenaradio.cl\/web\/wp-json\/wp\/v2\/types\/post"}],"author":[{"embeddable":true,"href":"https:\/\/laserenaradio.cl\/web\/wp-json\/wp\/v2\/users\/2"}],"replies":[{"embeddable":true,"href":"https:\/\/laserenaradio.cl\/web\/wp-json\/wp\/v2\/comments?post=19243"}],"version-history":[{"count":1,"href":"https:\/\/laserenaradio.cl\/web\/wp-json\/wp\/v2\/posts\/19243\/revisions"}],"predecessor-version":[{"id":19244,"href":"https:\/\/laserenaradio.cl\/web\/wp-json\/wp\/v2\/posts\/19243\/revisions\/19244"}],"wp:featuredmedia":[{"embeddable":true,"href":"https:\/\/laserenaradio.cl\/web\/wp-json\/wp\/v2\/media\/19242"}],"wp:attachment":[{"href":"https:\/\/laserenaradio.cl\/web\/wp-json\/wp\/v2\/media?parent=19243"}],"wp:term":[{"taxonomy":"category","embeddable":true,"href":"https:\/\/laserenaradio.cl\/web\/wp-json\/wp\/v2\/categories?post=19243"},{"taxonomy":"post_tag","embeddable":true,"href":"https:\/\/laserenaradio.cl\/web\/wp-json\/wp\/v2\/tags?post=19243"}],"curies":[{"name":"wp","href":"https:\/\/api.w.org\/{rel}","templated":true}]}}