{"id":19213,"date":"2025-09-01T08:31:51","date_gmt":"2025-09-01T11:31:51","guid":{"rendered":"https:\/\/laserenaradio.cl\/web\/?p=19213"},"modified":"2025-09-01T08:31:51","modified_gmt":"2025-09-01T11:31:51","slug":"asesinato-de-adolescente-en-pudahuel","status":"publish","type":"post","link":"https:\/\/laserenaradio.cl\/web\/2025\/09\/01\/asesinato-de-adolescente-en-pudahuel\/","title":{"rendered":"Asesinato de adolescente en Pudahuel"},"content":{"rendered":"<p>Un adolescente de 16 a\u00f1os muri\u00f3 asesinado de un disparo en la cabeza en Pudahuel. Un amigo de 19 result\u00f3 con lesiones graves durante los \u00faltimos d\u00edas en calle Casiopea con Ara.<\/p>\n<p>Ambas v\u00edctimas caminaban hacia la casa de uno de ellos, cuando fueron interceptados por un grupo de personas. De este modo, se inici\u00f3 una discusi\u00f3n que termin\u00f3 con un individuo disparando contra el adolescente y su amigo.<\/p>\n<p>El joven de 16 a\u00f1os result\u00f3 baleado en la cabeza, mientras que el otro hombre qued\u00f3 baleado en su pierna derecha. Por ello, fueron llevados al SAPU Gustavo Molina, donde se constat\u00f3 la muerte del primero.<\/p>\n<p>El segundo fue llevado grave, pero fuera de riesgo vital, al Hospital San Juan de Dios. \u00c9l relat\u00f3 lo ocurrido y su testimonio ser\u00eda clave para dar con los autores, ya que detall\u00f3 que todo se tratar\u00eda de rencillas con conocidos.<\/p>\n<p>El fiscal ECOH, Francisco Morales, se\u00f1al\u00f3 que ser\u00edan dos los atacantes. Las pericias quedaron a cargo del OS9 y el Laboratorio de Criminal\u00edstica de <a href=\"https:\/\/www.carabineros.cl\/\">Carabineros<\/a>.<\/p>\n","protected":false},"excerpt":{"rendered":"<p>Un adolescente de 16 a\u00f1os muri\u00f3 asesinado de un disparo en la cabeza en Pudahuel. Un amigo de 19 result\u00f3 con lesiones graves durante los \u00faltimos d\u00edas en calle Casiopea con Ara. Ambas v\u00edctimas caminaban hacia la casa de uno de ellos, cuando fueron interceptados por un grupo de personas. De este modo, se inici\u00f3 [&hellip;]<\/p>\n","protected":false},"author":2,"featured_media":19212,"comment_status":"closed","ping_status":"open","sticky":false,"template":"","format":"standard","meta":{"_jetpack_memberships_contains_paid_content":false,"jnews-multi-image_gallery":[],"jnews_single_post":[],"jnews_primary_category":[],"jnews_social_meta":[],"jnews_paywall_metabox":[],"jnews_review":[],"enable_review":"","type":"","name":"","summary":"","brand":"","sku":"","good":[],"bad":[],"score_override":"","override_value":"","rating":[],"price":[],"jnews_override_counter":[],"jnews_post_split":[],"footnotes":""},"categories":[21],"tags":[],"class_list":["post-19213","post","type-post","status-publish","format-standard","has-post-thumbnail","hentry","category-nacional"],"jetpack_featured_media_url":"https:\/\/laserenaradio.cl\/web\/wp-content\/uploads\/2025\/09\/homepiaiextractoscrapimg_webpAsesinatoPudahuel_1.webp","jetpack_sharing_enabled":true,"_links":{"self":[{"href":"https:\/\/laserenaradio.cl\/web\/wp-json\/wp\/v2\/posts\/19213","targetHints":{"allow":["GET"]}}],"collection":[{"href":"https:\/\/laserenaradio.cl\/web\/wp-json\/wp\/v2\/posts"}],"about":[{"href":"https:\/\/laserenaradio.cl\/web\/wp-json\/wp\/v2\/types\/post"}],"author":[{"embeddable":true,"href":"https:\/\/laserenaradio.cl\/web\/wp-json\/wp\/v2\/users\/2"}],"replies":[{"embeddable":true,"href":"https:\/\/laserenaradio.cl\/web\/wp-json\/wp\/v2\/comments?post=19213"}],"version-history":[{"count":1,"href":"https:\/\/laserenaradio.cl\/web\/wp-json\/wp\/v2\/posts\/19213\/revisions"}],"predecessor-version":[{"id":19214,"href":"https:\/\/laserenaradio.cl\/web\/wp-json\/wp\/v2\/posts\/19213\/revisions\/19214"}],"wp:featuredmedia":[{"embeddable":true,"href":"https:\/\/laserenaradio.cl\/web\/wp-json\/wp\/v2\/media\/19212"}],"wp:attachment":[{"href":"https:\/\/laserenaradio.cl\/web\/wp-json\/wp\/v2\/media?parent=19213"}],"wp:term":[{"taxonomy":"category","embeddable":true,"href":"https:\/\/laserenaradio.cl\/web\/wp-json\/wp\/v2\/categories?post=19213"},{"taxonomy":"post_tag","embeddable":true,"href":"https:\/\/laserenaradio.cl\/web\/wp-json\/wp\/v2\/tags?post=19213"}],"curies":[{"name":"wp","href":"https:\/\/api.w.org\/{rel}","templated":true}]}}