{"id":19198,"date":"2025-08-30T17:08:55","date_gmt":"2025-08-30T20:08:55","guid":{"rendered":"https:\/\/laserenaradio.cl\/web\/?p=19198"},"modified":"2025-08-30T17:08:55","modified_gmt":"2025-08-30T20:08:55","slug":"vanderson-se-baja-por-lesion-para-partidos-contra-chile-y-bolivia","status":"publish","type":"post","link":"https:\/\/laserenaradio.cl\/web\/2025\/08\/30\/vanderson-se-baja-por-lesion-para-partidos-contra-chile-y-bolivia\/","title":{"rendered":"Vanderson se baja por lesi\u00f3n para partidos contra Chile y Bolivia"},"content":{"rendered":"<p>La Selecci\u00f3n de Brasil anunci\u00f3 este viernes la baja por lesi\u00f3n del lateral derecho Vanderson, del AS M\u00f3naco, para los partidos de las Eliminatorias para el Mundial de 2026 contra Chile y Bolivia.<\/p>\n<p>La ausencia del defensa del cuadro monegasco se suma a las ya conocidas de Joelinton (Newcastle) y Alex Sandro (Flamengo).<\/p>\n<p>El t\u00e9cnico de la \u2018Canarinha\u2019, Carlo Ancelotti, llam\u00f3 a Vitinho \u2013 futbolista del Botafogo- para sustituir al defensor del AS M\u00f3naco, seg\u00fan inform\u00f3 la Confederaci\u00f3n Brasile\u00f1a de F\u00fatbol (CBF).<\/p>\n<p>La desconvocatoria del lateral se produjo despu\u00e9s de una conversaci\u00f3n entre el departamento m\u00e9dico del M\u00f3naco y la comisi\u00f3n t\u00e9cnica del combinado brasile\u00f1o.<\/p>\n<p>Con el de Vanderson ya son tres los cambios que ha tenido que realizar el exentrenador del Real Madrid desde que, el pasado lunes, divulg\u00f3 la convocatoria para los dos \u00faltimos partidos de Eliminatorias mundialistas.<\/p>\n<p>El mi\u00e9rcoles, dos d\u00edas despu\u00e9s de hacer p\u00fablica la lista, se cayeron el centrocampista Joelinton -quien ser\u00e1 sustituido por Jean Lucas, del Bah\u00eda- y el lateral izquierdo Alex Sandro, ambos por problemas f\u00edsicos.<\/p>\n<p>Adem\u00e1s de estas tres bajas inesperadas, Ancelotti tuvo que dejar fuera de la convocatoria a Neymar, quien sufri\u00f3 un nuevo percance muscular con el Santos, as\u00ed como a los madridistas Vin\u00edcius J\u00fanior (sancionado) y Rodrygo.<\/p>\n<p>Brasil, ya clasificada para el Mundial de 2026, recibir\u00e1 a Chile el 4 de septiembre pr\u00f3ximo en el estadio Maracan\u00e1 de R\u00edo de Janeiro y visitar\u00e1 a Bolivia cinco d\u00edas despu\u00e9s en El Alto.<\/p>\n","protected":false},"excerpt":{"rendered":"<p>La Selecci\u00f3n de Brasil anunci\u00f3 este viernes la baja por lesi\u00f3n del lateral derecho Vanderson, del AS M\u00f3naco, para los partidos de las Eliminatorias para el Mundial de 2026 contra Chile y Bolivia. La ausencia del defensa del cuadro monegasco se suma a las ya conocidas de Joelinton (Newcastle) y Alex Sandro (Flamengo). El t\u00e9cnico [&hellip;]<\/p>\n","protected":false},"author":2,"featured_media":19197,"comment_status":"closed","ping_status":"open","sticky":false,"template":"","format":"standard","meta":{"_jetpack_memberships_contains_paid_content":false,"jnews-multi-image_gallery":[],"jnews_single_post":[],"jnews_primary_category":[],"jnews_social_meta":[],"jnews_paywall_metabox":[],"jnews_review":[],"enable_review":"","type":"","name":"","summary":"","brand":"","sku":"","good":[],"bad":[],"score_override":"","override_value":"","rating":[],"price":[],"jnews_override_counter":[],"jnews_post_split":[],"footnotes":""},"categories":[84],"tags":[],"class_list":["post-19198","post","type-post","status-publish","format-standard","has-post-thumbnail","hentry","category-deportes"],"jetpack_featured_media_url":"https:\/\/laserenaradio.cl\/web\/wp-content\/uploads\/2025\/08\/homepiaiextractoscrapimg_predeterminadalaserenaradio_deportes-4.webp","jetpack_sharing_enabled":true,"_links":{"self":[{"href":"https:\/\/laserenaradio.cl\/web\/wp-json\/wp\/v2\/posts\/19198","targetHints":{"allow":["GET"]}}],"collection":[{"href":"https:\/\/laserenaradio.cl\/web\/wp-json\/wp\/v2\/posts"}],"about":[{"href":"https:\/\/laserenaradio.cl\/web\/wp-json\/wp\/v2\/types\/post"}],"author":[{"embeddable":true,"href":"https:\/\/laserenaradio.cl\/web\/wp-json\/wp\/v2\/users\/2"}],"replies":[{"embeddable":true,"href":"https:\/\/laserenaradio.cl\/web\/wp-json\/wp\/v2\/comments?post=19198"}],"version-history":[{"count":1,"href":"https:\/\/laserenaradio.cl\/web\/wp-json\/wp\/v2\/posts\/19198\/revisions"}],"predecessor-version":[{"id":19199,"href":"https:\/\/laserenaradio.cl\/web\/wp-json\/wp\/v2\/posts\/19198\/revisions\/19199"}],"wp:featuredmedia":[{"embeddable":true,"href":"https:\/\/laserenaradio.cl\/web\/wp-json\/wp\/v2\/media\/19197"}],"wp:attachment":[{"href":"https:\/\/laserenaradio.cl\/web\/wp-json\/wp\/v2\/media?parent=19198"}],"wp:term":[{"taxonomy":"category","embeddable":true,"href":"https:\/\/laserenaradio.cl\/web\/wp-json\/wp\/v2\/categories?post=19198"},{"taxonomy":"post_tag","embeddable":true,"href":"https:\/\/laserenaradio.cl\/web\/wp-json\/wp\/v2\/tags?post=19198"}],"curies":[{"name":"wp","href":"https:\/\/api.w.org\/{rel}","templated":true}]}}