{"id":19189,"date":"2025-08-29T09:24:58","date_gmt":"2025-08-29T12:24:58","guid":{"rendered":"https:\/\/laserenaradio.cl\/web\/?p=19189"},"modified":"2025-08-29T09:24:58","modified_gmt":"2025-08-29T12:24:58","slug":"byd-co-registra-un-aumento-de-ganancias-del-14-en-primer-semestre","status":"publish","type":"post","link":"https:\/\/laserenaradio.cl\/web\/2025\/08\/29\/byd-co-registra-un-aumento-de-ganancias-del-14-en-primer-semestre\/","title":{"rendered":"BYD Co registra un aumento de ganancias del 14% en primer semestre."},"content":{"rendered":"<p>Las ganancias de BYD Co. aumentaron un 14% en el primer semestre, gracias a la s\u00f3lida demanda de sus veh\u00edculos el\u00e9ctricos (VE) y a una agresiva expansi\u00f3n en los mercados internacionales.<\/p>\n<p>Los ingresos netos totalizaron 15.500 millones de yuanes (US$ 2.200 millones) en el semestre finalizado el 30 de junio, seg\u00fan inform\u00f3 el fabricante de autom\u00f3viles en un comunicado el viernes. Los ingresos aumentaron un 23%, hasta los 371.300 millones de yuanes.<\/p>\n<p>El s\u00f3lido comienzo de a\u00f1o de BYD da paso a un segundo semestre m\u00e1s complejo, con fuertes descuentos implementados en mayo que colocaron al fabricante en el centro de la reflexi\u00f3n del sector.<\/p>\n<p>A finales de mayo, BYD afront\u00f3 una reflexi\u00f3n sobre los incesantes recortes de precios, temidos por socavar el valor de su marca y ejercer presi\u00f3n financiera incluso sobre empresas con mayor capitalizaci\u00f3n. Sin embargo, hasta julio, las principales marcas, incluida BYD, han mantenido, aumentado o reducido ligeramente los descuentos.<\/p>\n<p>Actualmente, BYD es el mayor fabricante de veh\u00edculos el\u00e9ctricos del mundo, vendiendo un total de 2,15 millones de veh\u00edculos en el primer semestre, un 33% m\u00e1s que el a\u00f1o anterior. Esto representa menos de la mitad de su objetivo anual de 5,5 millones de unidades.<\/p>\n<p>El fabricante tambi\u00e9n experiment\u00f3 un cambio notable en el mercado nacional en el segundo trimestre. Si bien los VE de bater\u00eda continuaron mostrando un fuerte crecimiento, las ventas de h\u00edbridos se contrajeron con respecto al a\u00f1o anterior. Esto ha hecho que la expansi\u00f3n internacional de BYD sea cada vez m\u00e1s importante.<\/p>\n<p>La unidad tailandesa de la compa\u00f1\u00eda export\u00f3 VE a Europa por primera vez, incluyendo al Reino Unido, Alemania y B\u00e9lgica, seg\u00fan Xinhua.<\/p>\n<p>A pesar de los desaf\u00edos, los analistas se muestran optimistas sobre las perspectivas de BYD. La disminuci\u00f3n de las cifras de ventas en julio se debi\u00f3 a una menor demanda interna durante la temporada baja de verano, a la priorizaci\u00f3n del fabricante de normalizar los inventarios del canal y a una disciplina de precios m\u00e1s estricta.<\/p>\n","protected":false},"excerpt":{"rendered":"<p>Las ganancias de BYD Co. aumentaron un 14% en el primer semestre, gracias a la s\u00f3lida demanda de sus veh\u00edculos el\u00e9ctricos (VE) y a una agresiva expansi\u00f3n en los mercados internacionales. Los ingresos netos totalizaron 15.500 millones de yuanes (US$ 2.200 millones) en el semestre finalizado el 30 de junio, seg\u00fan inform\u00f3 el fabricante de [&hellip;]<\/p>\n","protected":false},"author":2,"featured_media":19188,"comment_status":"closed","ping_status":"open","sticky":false,"template":"","format":"standard","meta":{"_jetpack_memberships_contains_paid_content":false,"jnews-multi-image_gallery":[],"jnews_single_post":[],"jnews_primary_category":[],"jnews_social_meta":[],"jnews_paywall_metabox":[],"jnews_review":[],"enable_review":"","type":"","name":"","summary":"","brand":"","sku":"","good":[],"bad":[],"score_override":"","override_value":"","rating":[],"price":[],"jnews_override_counter":[],"jnews_post_split":[],"footnotes":""},"categories":[85],"tags":[],"class_list":["post-19189","post","type-post","status-publish","format-standard","has-post-thumbnail","hentry","category-economia"],"jetpack_featured_media_url":"https:\/\/laserenaradio.cl\/web\/wp-content\/uploads\/2025\/08\/homepiaiextractoscrapimg_webpBYDCo_1.webp","jetpack_sharing_enabled":true,"_links":{"self":[{"href":"https:\/\/laserenaradio.cl\/web\/wp-json\/wp\/v2\/posts\/19189","targetHints":{"allow":["GET"]}}],"collection":[{"href":"https:\/\/laserenaradio.cl\/web\/wp-json\/wp\/v2\/posts"}],"about":[{"href":"https:\/\/laserenaradio.cl\/web\/wp-json\/wp\/v2\/types\/post"}],"author":[{"embeddable":true,"href":"https:\/\/laserenaradio.cl\/web\/wp-json\/wp\/v2\/users\/2"}],"replies":[{"embeddable":true,"href":"https:\/\/laserenaradio.cl\/web\/wp-json\/wp\/v2\/comments?post=19189"}],"version-history":[{"count":1,"href":"https:\/\/laserenaradio.cl\/web\/wp-json\/wp\/v2\/posts\/19189\/revisions"}],"predecessor-version":[{"id":19190,"href":"https:\/\/laserenaradio.cl\/web\/wp-json\/wp\/v2\/posts\/19189\/revisions\/19190"}],"wp:featuredmedia":[{"embeddable":true,"href":"https:\/\/laserenaradio.cl\/web\/wp-json\/wp\/v2\/media\/19188"}],"wp:attachment":[{"href":"https:\/\/laserenaradio.cl\/web\/wp-json\/wp\/v2\/media?parent=19189"}],"wp:term":[{"taxonomy":"category","embeddable":true,"href":"https:\/\/laserenaradio.cl\/web\/wp-json\/wp\/v2\/categories?post=19189"},{"taxonomy":"post_tag","embeddable":true,"href":"https:\/\/laserenaradio.cl\/web\/wp-json\/wp\/v2\/tags?post=19189"}],"curies":[{"name":"wp","href":"https:\/\/api.w.org\/{rel}","templated":true}]}}